{"id":1487,"date":"2011-04-27T15:23:07","date_gmt":"2011-04-27T13:23:07","guid":{"rendered":"http:\/\/www.alteisenaufreisen.de\/?p=1487"},"modified":"2017-07-25T22:31:20","modified_gmt":"2017-07-25T20:31:20","slug":"letztes-post-scriptum-suedamerika-chile-adios","status":"publish","type":"post","link":"http:\/\/www.alteisenaufreisen.de\/?p=1487","title":{"rendered":"Letztes Post Scriptum: S\u00fcdamerika, Chile adios!"},"content":{"rendered":"<p>Die W\u00fcste im Norden von Chile hat uns fasziniert. Das Wetter war sehr sch\u00f6n und die Temperaturen ausgesprochen angenehm &#8211; ein gutes Ziel um den Urlaub zu beginnen.<\/p>\n<p>Weiter geht es in den S\u00fcden, <!--more-->der hier, wegen der Jahreszeit &#8211; es ist schon richtig Herbst, gleichbedeutend ist mit k\u00fchleren Temperaturen und hin und wieder auch mit Regen &#8211; so wie bei uns zu Hause halt auch. Es ist aber auch die Zeit der Wein- und Obsternte.<\/p>\n<p>Wir besuchen daher auf unserem Weg in den S\u00fcden das Weingut Balduzzi in San Javier im Valle del Maule. Wir k\u00f6nnen uns der F\u00fchrung einer Gruppe Kanadier anschlie\u00dfen und erhalten am Ende Kostproben der vergorenen edlen Tropfen.<\/p>\n<p><a href=\"http:\/\/www.alteisenaufreisen.de\/?attachment_id=1488\" rel=\"attachment wp-att-1488\"><img decoding=\"async\" data-attachment-id=\"1488\" data-permalink=\"http:\/\/www.alteisenaufreisen.de\/?attachment_id=1488\" data-orig-file=\"http:\/\/www.alteisenaufreisen.de\/wp-content\/uploads\/Adios-01.jpg\" data-orig-size=\"800,600\" data-comments-opened=\"1\" data-image-meta=\"{&quot;aperture&quot;:&quot;4.2&quot;,&quot;credit&quot;:&quot;&quot;,&quot;camera&quot;:&quot;DMC-TZ10&quot;,&quot;caption&quot;:&quot;&quot;,&quot;created_timestamp&quot;:&quot;1302968828&quot;,&quot;copyright&quot;:&quot;&quot;,&quot;focal_length&quot;:&quot;12.8&quot;,&quot;iso&quot;:&quot;80&quot;,&quot;shutter_speed&quot;:&quot;0.00625&quot;,&quot;title&quot;:&quot;&quot;}\" data-image-title=\"Rotwein bei Balduzzi in Javier\" data-image-description=\"\" data-image-caption=\"\" data-large-file=\"http:\/\/www.alteisenaufreisen.de\/wp-content\/uploads\/Adios-01-494x370.jpg\" class=\"aligncenter size-large wp-image-1488\" title=\"Rotwein bei Balduzzi in Javier\" src=\"http:\/\/www.alteisenaufreisen.de\/wp-content\/uploads\/Adios-01-494x370.jpg\" alt=\"\" width=\"494\" height=\"370\" srcset=\"http:\/\/www.alteisenaufreisen.de\/wp-content\/uploads\/Adios-01-494x370.jpg 494w, http:\/\/www.alteisenaufreisen.de\/wp-content\/uploads\/Adios-01-188x141.jpg 188w, http:\/\/www.alteisenaufreisen.de\/wp-content\/uploads\/Adios-01.jpg 800w\" sizes=\"(max-width: 494px) 100vw, 494px\" \/><\/a><\/p>\n<p>In der alten Bodega ist ausser den, beim letztj\u00e4hrigen gro\u00dfen Erdbeben zerborstenen Lagerf\u00e4ssern nichts mehr zu sehen &#8211; ein wahres Ungl\u00fcck f\u00fcr den Winzer und ein schwerer Verlust. Erst ein Fass ist wieder aufgebaut.<\/p>\n<p><a href=\"http:\/\/www.alteisenaufreisen.de\/?attachment_id=1489\" rel=\"attachment wp-att-1489\"><img decoding=\"async\" data-attachment-id=\"1489\" data-permalink=\"http:\/\/www.alteisenaufreisen.de\/?attachment_id=1489\" data-orig-file=\"http:\/\/www.alteisenaufreisen.de\/wp-content\/uploads\/Adios-02.jpg\" data-orig-size=\"800,600\" data-comments-opened=\"1\" data-image-meta=\"{&quot;aperture&quot;:&quot;3.5&quot;,&quot;credit&quot;:&quot;&quot;,&quot;camera&quot;:&quot;DMC-TZ10&quot;,&quot;caption&quot;:&quot;&quot;,&quot;created_timestamp&quot;:&quot;1302969575&quot;,&quot;copyright&quot;:&quot;&quot;,&quot;focal_length&quot;:&quot;5.3&quot;,&quot;iso&quot;:&quot;400&quot;,&quot;shutter_speed&quot;:&quot;0.25&quot;,&quot;title&quot;:&quot;&quot;}\" data-image-title=\"Zerbrochene F\u00e4sser im Lagerraum\" data-image-description=\"\" data-image-caption=\"\" data-large-file=\"http:\/\/www.alteisenaufreisen.de\/wp-content\/uploads\/Adios-02-494x370.jpg\" class=\"aligncenter size-large wp-image-1489\" title=\"Zerbrochene F\u00e4sser im Lagerraum\" src=\"http:\/\/www.alteisenaufreisen.de\/wp-content\/uploads\/Adios-02-494x370.jpg\" alt=\"\" width=\"494\" height=\"370\" srcset=\"http:\/\/www.alteisenaufreisen.de\/wp-content\/uploads\/Adios-02-494x370.jpg 494w, http:\/\/www.alteisenaufreisen.de\/wp-content\/uploads\/Adios-02-188x141.jpg 188w, http:\/\/www.alteisenaufreisen.de\/wp-content\/uploads\/Adios-02.jpg 800w\" sizes=\"(max-width: 494px) 100vw, 494px\" \/><\/a><\/p>\n<p>Weiter im S\u00fcden unterbricht der Rio de La Laja seinen gem\u00e4chlichen Lauf mit einem gut 30 m hohen Wasserfall. Weil er nahe an der Autoruta 5, der Autobahn nach Patagonien liegt, ist er eine h\u00e4ufig besuchte Attraktion. Wir sind jedoch wegen der Jahreszeit auch hier fast alleine und haben Gelegenheit, den Wasserfall mit relativ viel Wasser zu erleben. Die Regenf\u00e4lle der letzten Zeit haben wohl genug Wasser gebracht.<\/p>\n<p><a href=\"http:\/\/www.alteisenaufreisen.de\/?attachment_id=1490\" rel=\"attachment wp-att-1490\"><img decoding=\"async\" data-attachment-id=\"1490\" data-permalink=\"http:\/\/www.alteisenaufreisen.de\/?attachment_id=1490\" data-orig-file=\"http:\/\/www.alteisenaufreisen.de\/wp-content\/uploads\/Adios-03.jpg\" data-orig-size=\"800,533\" data-comments-opened=\"1\" data-image-meta=\"{&quot;aperture&quot;:&quot;10&quot;,&quot;credit&quot;:&quot;&quot;,&quot;camera&quot;:&quot;Canon EOS 400D DIGITAL&quot;,&quot;caption&quot;:&quot;&quot;,&quot;created_timestamp&quot;:&quot;1303039763&quot;,&quot;copyright&quot;:&quot;&quot;,&quot;focal_length&quot;:&quot;85&quot;,&quot;iso&quot;:&quot;200&quot;,&quot;shutter_speed&quot;:&quot;0.003125&quot;,&quot;title&quot;:&quot;&quot;}\" data-image-title=\"Salto de La Laja\" data-image-description=\"\" data-image-caption=\"\" data-large-file=\"http:\/\/www.alteisenaufreisen.de\/wp-content\/uploads\/Adios-03-494x329.jpg\" class=\"aligncenter size-large wp-image-1490\" title=\"Salto de La Laja\" src=\"http:\/\/www.alteisenaufreisen.de\/wp-content\/uploads\/Adios-03-494x329.jpg\" alt=\"\" width=\"494\" height=\"329\" srcset=\"http:\/\/www.alteisenaufreisen.de\/wp-content\/uploads\/Adios-03-494x329.jpg 494w, http:\/\/www.alteisenaufreisen.de\/wp-content\/uploads\/Adios-03-188x125.jpg 188w, http:\/\/www.alteisenaufreisen.de\/wp-content\/uploads\/Adios-03.jpg 800w\" sizes=\"(max-width: 494px) 100vw, 494px\" \/><\/a><\/p>\n<p>Der S\u00fcden empf\u00e4ngt uns mit grandiosen Bildern, die wir nur noch fotografieren m\u00fcssen. Gr\u00fcne Wiesen, Felder, W\u00e4lder, Berge, Seen und Vulkane sind eine Mischung, wie wir sie so noch nicht gesehen haben.<\/p>\n<p>Wir genie\u00dfen die Bilder und saugen sie selbst und mit der Kamera auf.<\/p>\n<p><a href=\"http:\/\/www.alteisenaufreisen.de\/?attachment_id=1491\" rel=\"attachment wp-att-1491\"><img decoding=\"async\" data-attachment-id=\"1491\" data-permalink=\"http:\/\/www.alteisenaufreisen.de\/?attachment_id=1491\" data-orig-file=\"http:\/\/www.alteisenaufreisen.de\/wp-content\/uploads\/Adios-04.jpg\" data-orig-size=\"800,600\" data-comments-opened=\"1\" data-image-meta=\"{&quot;aperture&quot;:&quot;5.6&quot;,&quot;credit&quot;:&quot;&quot;,&quot;camera&quot;:&quot;DMC-TZ10&quot;,&quot;caption&quot;:&quot;&quot;,&quot;created_timestamp&quot;:&quot;1303051920&quot;,&quot;copyright&quot;:&quot;&quot;,&quot;focal_length&quot;:&quot;18.2&quot;,&quot;iso&quot;:&quot;80&quot;,&quot;shutter_speed&quot;:&quot;0.002&quot;,&quot;title&quot;:&quot;&quot;}\" data-image-title=\"Vulkan Antuco\" data-image-description=\"\" data-image-caption=\"\" data-large-file=\"http:\/\/www.alteisenaufreisen.de\/wp-content\/uploads\/Adios-04-494x370.jpg\" class=\"aligncenter size-large wp-image-1491\" title=\"Vulkan Antuco\" src=\"http:\/\/www.alteisenaufreisen.de\/wp-content\/uploads\/Adios-04-494x370.jpg\" alt=\"\" width=\"494\" height=\"370\" srcset=\"http:\/\/www.alteisenaufreisen.de\/wp-content\/uploads\/Adios-04-494x370.jpg 494w, http:\/\/www.alteisenaufreisen.de\/wp-content\/uploads\/Adios-04-188x141.jpg 188w, http:\/\/www.alteisenaufreisen.de\/wp-content\/uploads\/Adios-04.jpg 800w\" sizes=\"(max-width: 494px) 100vw, 494px\" \/><\/a><\/p>\n<p>Der Vulkan Antuco hat es uns als Erster angetan. Mit seinem perfekten Kegel zieht er uns regelrecht an und so fahren wir in das Naturschutzgebiet der Laguna de La Laja. Der See wurde gebildet, als vor ca. 150 Jahren der Vulkan ausbrach und einen Lavastrom in Richtung des Flusslaufes schickte. Er staute den Fluss zu einem See, der Laguna de La Laja auf. Sie liegt eingekeilt von Bergen auf der einen und dem Vulkan auf der anderen Seite.<\/p>\n<p><a href=\"http:\/\/www.alteisenaufreisen.de\/?attachment_id=1492\" rel=\"attachment wp-att-1492\"><img decoding=\"async\" data-attachment-id=\"1492\" data-permalink=\"http:\/\/www.alteisenaufreisen.de\/?attachment_id=1492\" data-orig-file=\"http:\/\/www.alteisenaufreisen.de\/wp-content\/uploads\/Adios-05.jpg\" data-orig-size=\"800,600\" data-comments-opened=\"1\" data-image-meta=\"{&quot;aperture&quot;:&quot;4&quot;,&quot;credit&quot;:&quot;&quot;,&quot;camera&quot;:&quot;DMC-TZ10&quot;,&quot;caption&quot;:&quot;&quot;,&quot;created_timestamp&quot;:&quot;1303055255&quot;,&quot;copyright&quot;:&quot;&quot;,&quot;focal_length&quot;:&quot;4.1&quot;,&quot;iso&quot;:&quot;125&quot;,&quot;shutter_speed&quot;:&quot;0.003125&quot;,&quot;title&quot;:&quot;&quot;}\" data-image-title=\"Laguna de La Laja\" data-image-description=\"\" data-image-caption=\"\" data-large-file=\"http:\/\/www.alteisenaufreisen.de\/wp-content\/uploads\/Adios-05-494x370.jpg\" class=\"aligncenter size-large wp-image-1492\" title=\"Laguna de La Laja\" src=\"http:\/\/www.alteisenaufreisen.de\/wp-content\/uploads\/Adios-05-494x370.jpg\" alt=\"\" width=\"494\" height=\"370\" srcset=\"http:\/\/www.alteisenaufreisen.de\/wp-content\/uploads\/Adios-05-494x370.jpg 494w, http:\/\/www.alteisenaufreisen.de\/wp-content\/uploads\/Adios-05-188x141.jpg 188w, http:\/\/www.alteisenaufreisen.de\/wp-content\/uploads\/Adios-05.jpg 800w\" sizes=\"(max-width: 494px) 100vw, 494px\" \/><\/a><\/p>\n<p>Auf unserem Spaziergang entdecken wir am Hang des Antuco Gedenktafeln, die an einzelne Soldaten und an den 18. Mai 2005 erinnern. Wir erfahren, dass an diesem Tag&nbsp; 45 Soldaten auf einem \u00dcbungsmarsch in einem Schneesturm umgekommen sind &#8211; eine traurige Begebenheit, die einen Schatten \u00fcber die traumhafte Szenerie wirft.<\/p>\n<p><a href=\"http:\/\/www.alteisenaufreisen.de\/?attachment_id=1493\" rel=\"attachment wp-att-1493\"><img decoding=\"async\" data-attachment-id=\"1493\" data-permalink=\"http:\/\/www.alteisenaufreisen.de\/?attachment_id=1493\" data-orig-file=\"http:\/\/www.alteisenaufreisen.de\/wp-content\/uploads\/Adios-06.jpg\" data-orig-size=\"800,600\" data-comments-opened=\"1\" data-image-meta=\"{&quot;aperture&quot;:&quot;4.4&quot;,&quot;credit&quot;:&quot;&quot;,&quot;camera&quot;:&quot;DMC-TZ10&quot;,&quot;caption&quot;:&quot;&quot;,&quot;created_timestamp&quot;:&quot;1303056353&quot;,&quot;copyright&quot;:&quot;&quot;,&quot;focal_length&quot;:&quot;21&quot;,&quot;iso&quot;:&quot;80&quot;,&quot;shutter_speed&quot;:&quot;0.0025&quot;,&quot;title&quot;:&quot;&quot;}\" data-image-title=\"Gedenkstein\" data-image-description=\"\" data-image-caption=\"\" data-large-file=\"http:\/\/www.alteisenaufreisen.de\/wp-content\/uploads\/Adios-06-494x370.jpg\" class=\"aligncenter size-large wp-image-1493\" title=\"Gedenkstein\" src=\"http:\/\/www.alteisenaufreisen.de\/wp-content\/uploads\/Adios-06-494x370.jpg\" alt=\"\" width=\"494\" height=\"370\" srcset=\"http:\/\/www.alteisenaufreisen.de\/wp-content\/uploads\/Adios-06-494x370.jpg 494w, http:\/\/www.alteisenaufreisen.de\/wp-content\/uploads\/Adios-06-188x141.jpg 188w, http:\/\/www.alteisenaufreisen.de\/wp-content\/uploads\/Adios-06.jpg 800w\" sizes=\"(max-width: 494px) 100vw, 494px\" \/><\/a><\/p>\n<p><a href=\"http:\/\/www.alteisenaufreisen.de\/?attachment_id=1494\" rel=\"attachment wp-att-1494\"><img decoding=\"async\" data-attachment-id=\"1494\" data-permalink=\"http:\/\/www.alteisenaufreisen.de\/?attachment_id=1494\" data-orig-file=\"http:\/\/www.alteisenaufreisen.de\/wp-content\/uploads\/Adios-07.jpg\" data-orig-size=\"800,600\" data-comments-opened=\"1\" data-image-meta=\"{&quot;aperture&quot;:&quot;5.6&quot;,&quot;credit&quot;:&quot;&quot;,&quot;camera&quot;:&quot;DMC-TZ10&quot;,&quot;caption&quot;:&quot;&quot;,&quot;created_timestamp&quot;:&quot;1303057452&quot;,&quot;copyright&quot;:&quot;&quot;,&quot;focal_length&quot;:&quot;9.1&quot;,&quot;iso&quot;:&quot;125&quot;,&quot;shutter_speed&quot;:&quot;0.00125&quot;,&quot;title&quot;:&quot;&quot;}\" data-image-title=\"Laguna de La Laja\" data-image-description=\"\" data-image-caption=\"\" data-large-file=\"http:\/\/www.alteisenaufreisen.de\/wp-content\/uploads\/Adios-07-494x370.jpg\" class=\"aligncenter size-large wp-image-1494\" title=\"Laguna de La Laja\" src=\"http:\/\/www.alteisenaufreisen.de\/wp-content\/uploads\/Adios-07-494x370.jpg\" alt=\"\" width=\"494\" height=\"370\" srcset=\"http:\/\/www.alteisenaufreisen.de\/wp-content\/uploads\/Adios-07-494x370.jpg 494w, http:\/\/www.alteisenaufreisen.de\/wp-content\/uploads\/Adios-07-188x141.jpg 188w, http:\/\/www.alteisenaufreisen.de\/wp-content\/uploads\/Adios-07.jpg 800w\" sizes=\"(max-width: 494px) 100vw, 494px\" \/><\/a><\/p>\n<p>Weiter im S\u00fcden empf\u00e4ngt uns der Vulkan Villarica und raucht eine Friedenspfeife mit uns. Somit sind wir beruhigt, denn, so glauben wir, nach einer Friedenspfeife h\u00e4lt er auch Frieden und bricht nicht aus.<\/p>\n<p><a href=\"http:\/\/www.alteisenaufreisen.de\/?attachment_id=1502\" rel=\"attachment wp-att-1502\"><img decoding=\"async\" data-attachment-id=\"1502\" data-permalink=\"http:\/\/www.alteisenaufreisen.de\/?attachment_id=1502\" data-orig-file=\"http:\/\/www.alteisenaufreisen.de\/wp-content\/uploads\/Villarica-01.jpg\" data-orig-size=\"800,600\" data-comments-opened=\"1\" data-image-meta=\"{&quot;aperture&quot;:&quot;5.6&quot;,&quot;credit&quot;:&quot;&quot;,&quot;camera&quot;:&quot;DMC-TZ10&quot;,&quot;caption&quot;:&quot;&quot;,&quot;created_timestamp&quot;:&quot;1303302274&quot;,&quot;copyright&quot;:&quot;&quot;,&quot;focal_length&quot;:&quot;49.2&quot;,&quot;iso&quot;:&quot;125&quot;,&quot;shutter_speed&quot;:&quot;0.001&quot;,&quot;title&quot;:&quot;&quot;}\" data-image-title=\"Rauchender Villarica\" data-image-description=\"\" data-image-caption=\"\" data-large-file=\"http:\/\/www.alteisenaufreisen.de\/wp-content\/uploads\/Villarica-01-494x370.jpg\" class=\"aligncenter size-large wp-image-1502\" title=\"Rauchender Villarica\" src=\"http:\/\/www.alteisenaufreisen.de\/wp-content\/uploads\/Villarica-01-494x370.jpg\" alt=\"\" width=\"494\" height=\"370\" srcset=\"http:\/\/www.alteisenaufreisen.de\/wp-content\/uploads\/Villarica-01-494x370.jpg 494w, http:\/\/www.alteisenaufreisen.de\/wp-content\/uploads\/Villarica-01-188x141.jpg 188w, http:\/\/www.alteisenaufreisen.de\/wp-content\/uploads\/Villarica-01.jpg 800w\" sizes=\"(max-width: 494px) 100vw, 494px\" \/><\/a><\/p>\n<p>In seiner N\u00e4he fahren wir durch W\u00e4lder mit Araukarien, einer nur hier einheimischen Baumart. Ihre Kronen sehen aus wie \u00fcberdimensionale Sonnenschirme.<\/p>\n<p><a href=\"http:\/\/www.alteisenaufreisen.de\/?attachment_id=1495\" rel=\"attachment wp-att-1495\"><img decoding=\"async\" data-attachment-id=\"1495\" data-permalink=\"http:\/\/www.alteisenaufreisen.de\/?attachment_id=1495\" data-orig-file=\"http:\/\/www.alteisenaufreisen.de\/wp-content\/uploads\/Adios-08.jpg\" data-orig-size=\"800,600\" data-comments-opened=\"1\" data-image-meta=\"{&quot;aperture&quot;:&quot;3.8&quot;,&quot;credit&quot;:&quot;&quot;,&quot;camera&quot;:&quot;DMC-TZ10&quot;,&quot;caption&quot;:&quot;&quot;,&quot;created_timestamp&quot;:&quot;1303138351&quot;,&quot;copyright&quot;:&quot;&quot;,&quot;focal_length&quot;:&quot;8.5&quot;,&quot;iso&quot;:&quot;80&quot;,&quot;shutter_speed&quot;:&quot;0.003125&quot;,&quot;title&quot;:&quot;&quot;}\" data-image-title=\"Araukarien\" data-image-description=\"\" data-image-caption=\"\" data-large-file=\"http:\/\/www.alteisenaufreisen.de\/wp-content\/uploads\/Adios-08-494x370.jpg\" class=\"aligncenter size-large wp-image-1495\" title=\"Araukarien\" src=\"http:\/\/www.alteisenaufreisen.de\/wp-content\/uploads\/Adios-08-494x370.jpg\" alt=\"\" width=\"494\" height=\"370\" srcset=\"http:\/\/www.alteisenaufreisen.de\/wp-content\/uploads\/Adios-08-494x370.jpg 494w, http:\/\/www.alteisenaufreisen.de\/wp-content\/uploads\/Adios-08-188x141.jpg 188w, http:\/\/www.alteisenaufreisen.de\/wp-content\/uploads\/Adios-08.jpg 800w\" sizes=\"(max-width: 494px) 100vw, 494px\" \/><\/a><\/p>\n<p>In Frutillar werden wir vom Erbe der deutschen Einwanderer geradezu \u00fcbersch\u00fcttet. Die H\u00e4user lassen den Einfluss der fr\u00fchen Jahre des letzten Jahrhunderts leicht erahnen<\/p>\n<p><a href=\"http:\/\/www.alteisenaufreisen.de\/?attachment_id=1496\" rel=\"attachment wp-att-1496\"><img decoding=\"async\" data-attachment-id=\"1496\" data-permalink=\"http:\/\/www.alteisenaufreisen.de\/?attachment_id=1496\" data-orig-file=\"http:\/\/www.alteisenaufreisen.de\/wp-content\/uploads\/Adios-10.jpg\" data-orig-size=\"800,600\" data-comments-opened=\"1\" data-image-meta=\"{&quot;aperture&quot;:&quot;4.7&quot;,&quot;credit&quot;:&quot;&quot;,&quot;camera&quot;:&quot;DMC-TZ10&quot;,&quot;caption&quot;:&quot;&quot;,&quot;created_timestamp&quot;:&quot;1303476096&quot;,&quot;copyright&quot;:&quot;&quot;,&quot;focal_length&quot;:&quot;42.6&quot;,&quot;iso&quot;:&quot;80&quot;,&quot;shutter_speed&quot;:&quot;0.003125&quot;,&quot;title&quot;:&quot;&quot;}\" data-image-title=\"Hotel Bauernhaus\" data-image-description=\"\" data-image-caption=\"\" data-large-file=\"http:\/\/www.alteisenaufreisen.de\/wp-content\/uploads\/Adios-10-494x370.jpg\" class=\"aligncenter size-large wp-image-1496\" title=\"Hotel Bauernhaus\" src=\"http:\/\/www.alteisenaufreisen.de\/wp-content\/uploads\/Adios-10-494x370.jpg\" alt=\"\" width=\"494\" height=\"370\" srcset=\"http:\/\/www.alteisenaufreisen.de\/wp-content\/uploads\/Adios-10-494x370.jpg 494w, http:\/\/www.alteisenaufreisen.de\/wp-content\/uploads\/Adios-10-188x141.jpg 188w, http:\/\/www.alteisenaufreisen.de\/wp-content\/uploads\/Adios-10.jpg 800w\" sizes=\"(max-width: 494px) 100vw, 494px\" \/><\/a><\/p>\n<p><a href=\"http:\/\/www.alteisenaufreisen.de\/?attachment_id=1497\" rel=\"attachment wp-att-1497\"><img decoding=\"async\" data-attachment-id=\"1497\" data-permalink=\"http:\/\/www.alteisenaufreisen.de\/?attachment_id=1497\" data-orig-file=\"http:\/\/www.alteisenaufreisen.de\/wp-content\/uploads\/Adios-09.jpg\" data-orig-size=\"800,533\" data-comments-opened=\"1\" data-image-meta=\"{&quot;aperture&quot;:&quot;10&quot;,&quot;credit&quot;:&quot;&quot;,&quot;camera&quot;:&quot;Canon EOS 400D DIGITAL&quot;,&quot;caption&quot;:&quot;&quot;,&quot;created_timestamp&quot;:&quot;1303476113&quot;,&quot;copyright&quot;:&quot;&quot;,&quot;focal_length&quot;:&quot;15&quot;,&quot;iso&quot;:&quot;100&quot;,&quot;shutter_speed&quot;:&quot;0.004&quot;,&quot;title&quot;:&quot;&quot;}\" data-image-title=\"Hotel Kaffee Bauernhaus\" data-image-description=\"\" data-image-caption=\"\" data-large-file=\"http:\/\/www.alteisenaufreisen.de\/wp-content\/uploads\/Adios-09-494x329.jpg\" class=\"aligncenter size-large wp-image-1497\" title=\"Hotel Kaffee Bauernhaus\" src=\"http:\/\/www.alteisenaufreisen.de\/wp-content\/uploads\/Adios-09-494x329.jpg\" alt=\"\" width=\"494\" height=\"329\" srcset=\"http:\/\/www.alteisenaufreisen.de\/wp-content\/uploads\/Adios-09-494x329.jpg 494w, http:\/\/www.alteisenaufreisen.de\/wp-content\/uploads\/Adios-09-188x125.jpg 188w, http:\/\/www.alteisenaufreisen.de\/wp-content\/uploads\/Adios-09.jpg 800w\" sizes=\"(max-width: 494px) 100vw, 494px\" \/><\/a><\/p>\n<p>und das Open Air Museum der Universit\u00e4t Chile \u00fcber die Einwanderung der Deutschen im S\u00fcden zeigt die alten H\u00e4user und ihre Einrichtungen &#8211; ein Wiedersehen mit alten Dingen aus unserer Heimat.<\/p>\n<p><a href=\"http:\/\/www.alteisenaufreisen.de\/?attachment_id=1498\" rel=\"attachment wp-att-1498\"><img decoding=\"async\" data-attachment-id=\"1498\" data-permalink=\"http:\/\/www.alteisenaufreisen.de\/?attachment_id=1498\" data-orig-file=\"http:\/\/www.alteisenaufreisen.de\/wp-content\/uploads\/Adios-11.jpg\" data-orig-size=\"800,533\" data-comments-opened=\"1\" data-image-meta=\"{&quot;aperture&quot;:&quot;7.1&quot;,&quot;credit&quot;:&quot;&quot;,&quot;camera&quot;:&quot;Canon EOS 400D DIGITAL&quot;,&quot;caption&quot;:&quot;&quot;,&quot;created_timestamp&quot;:&quot;1303480002&quot;,&quot;copyright&quot;:&quot;&quot;,&quot;focal_length&quot;:&quot;29&quot;,&quot;iso&quot;:&quot;100&quot;,&quot;shutter_speed&quot;:&quot;0.01&quot;,&quot;title&quot;:&quot;&quot;}\" data-image-title=\"Freilichtmuseum in Frutillar\" data-image-description=\"\" data-image-caption=\"\" data-large-file=\"http:\/\/www.alteisenaufreisen.de\/wp-content\/uploads\/Adios-11-494x329.jpg\" class=\"aligncenter size-large wp-image-1498\" title=\"Freilichtmuseum in Frutillar\" src=\"http:\/\/www.alteisenaufreisen.de\/wp-content\/uploads\/Adios-11-494x329.jpg\" alt=\"\" width=\"494\" height=\"329\" srcset=\"http:\/\/www.alteisenaufreisen.de\/wp-content\/uploads\/Adios-11-494x329.jpg 494w, http:\/\/www.alteisenaufreisen.de\/wp-content\/uploads\/Adios-11-188x125.jpg 188w, http:\/\/www.alteisenaufreisen.de\/wp-content\/uploads\/Adios-11.jpg 800w\" sizes=\"(max-width: 494px) 100vw, 494px\" \/><\/a><\/p>\n<p>Zu guter Letzt blitzt uns ein Schild &#8218;<a href=\"http:\/\/www.moncopulli.cl\/index.html\">Auto Museum Moncopulli<\/a>&#8218; in die Augen. Nat\u00fcrlich halten wir an und sehen es uns an. Bernardo Eggers hat seit 1995 eine Sammlung von Oldtimern zusammen getragen. Der Schwerpunkt liegt auf der verschwundene Marke Studebaker, was dem Museum den Titel &#8218;Home of Studebaker in Chile&#8216; gibt. F\u00fcr ihn ist es eine Reminiszenz an das erste Auto seiner Eltern &#8211; einem Studebaker &#8218;Pick-up&#8216;.<\/p>\n<p><a href=\"http:\/\/www.alteisenaufreisen.de\/?attachment_id=1500\" rel=\"attachment wp-att-1500\"><img decoding=\"async\" data-attachment-id=\"1500\" data-permalink=\"http:\/\/www.alteisenaufreisen.de\/?attachment_id=1500\" data-orig-file=\"http:\/\/www.alteisenaufreisen.de\/wp-content\/uploads\/Adios-131.jpg\" data-orig-size=\"800,533\" data-comments-opened=\"1\" data-image-meta=\"{&quot;aperture&quot;:&quot;3.5&quot;,&quot;credit&quot;:&quot;&quot;,&quot;camera&quot;:&quot;Canon EOS 400D DIGITAL&quot;,&quot;caption&quot;:&quot;&quot;,&quot;created_timestamp&quot;:&quot;1303560324&quot;,&quot;copyright&quot;:&quot;&quot;,&quot;focal_length&quot;:&quot;17&quot;,&quot;iso&quot;:&quot;800&quot;,&quot;shutter_speed&quot;:&quot;0.0769230769231&quot;,&quot;title&quot;:&quot;&quot;}\" data-image-title=\"Studebaker Champion Convertible 1950\" data-image-description=\"\" data-image-caption=\"\" data-large-file=\"http:\/\/www.alteisenaufreisen.de\/wp-content\/uploads\/Adios-131-494x329.jpg\" class=\"aligncenter size-large wp-image-1500\" title=\"Studebaker Champion Convertible 1950\" src=\"http:\/\/www.alteisenaufreisen.de\/wp-content\/uploads\/Adios-131-494x329.jpg\" alt=\"\" width=\"494\" height=\"329\" srcset=\"http:\/\/www.alteisenaufreisen.de\/wp-content\/uploads\/Adios-131-494x329.jpg 494w, http:\/\/www.alteisenaufreisen.de\/wp-content\/uploads\/Adios-131-188x125.jpg 188w, http:\/\/www.alteisenaufreisen.de\/wp-content\/uploads\/Adios-131.jpg 800w\" sizes=\"(max-width: 494px) 100vw, 494px\" \/><\/a><\/p>\n<p>Aktuell besitzt das Museum 59 Autos verschiedener Jahrg\u00e4nge und Typen. Insgesamt stehen rund 100 Fahrzeuge im Museum &#8211; sogar ein T-Model von Ford ist Teil der Sammlung. Die meisten in sehr gutem Zustand, einige m\u00fcssen noch restauriert werden. Das j\u00fcngste Auto ist ein BMW 520 i (E 28).<\/p>\n<p><a href=\"http:\/\/www.alteisenaufreisen.de\/?attachment_id=1501\" rel=\"attachment wp-att-1501\"><img decoding=\"async\" data-attachment-id=\"1501\" data-permalink=\"http:\/\/www.alteisenaufreisen.de\/?attachment_id=1501\" data-orig-file=\"http:\/\/www.alteisenaufreisen.de\/wp-content\/uploads\/Adios-14.jpg\" data-orig-size=\"800,624\" data-comments-opened=\"1\" data-image-meta=\"{&quot;aperture&quot;:&quot;0&quot;,&quot;credit&quot;:&quot;&quot;,&quot;camera&quot;:&quot;&quot;,&quot;caption&quot;:&quot;&quot;,&quot;created_timestamp&quot;:&quot;0&quot;,&quot;copyright&quot;:&quot;&quot;,&quot;focal_length&quot;:&quot;0&quot;,&quot;iso&quot;:&quot;0&quot;,&quot;shutter_speed&quot;:&quot;0&quot;,&quot;title&quot;:&quot;&quot;}\" data-image-title=\"Mitbringsel aus Deutschland\" data-image-description=\"\" data-image-caption=\"\" data-large-file=\"http:\/\/www.alteisenaufreisen.de\/wp-content\/uploads\/Adios-14-494x385.jpg\" class=\"aligncenter size-large wp-image-1501\" title=\"Mitbringsel aus Deutschland\" src=\"http:\/\/www.alteisenaufreisen.de\/wp-content\/uploads\/Adios-14-494x385.jpg\" alt=\"\" width=\"494\" height=\"385\" srcset=\"http:\/\/www.alteisenaufreisen.de\/wp-content\/uploads\/Adios-14-494x385.jpg 494w, http:\/\/www.alteisenaufreisen.de\/wp-content\/uploads\/Adios-14-188x146.jpg 188w, http:\/\/www.alteisenaufreisen.de\/wp-content\/uploads\/Adios-14-769x600.jpg 769w, http:\/\/www.alteisenaufreisen.de\/wp-content\/uploads\/Adios-14.jpg 800w\" sizes=\"(max-width: 494px) 100vw, 494px\" \/><\/a><\/p>\n<p>Wir werden von der Frau des Besitzers durch die Sammlung gef\u00fchrt und am Ende des Durchganges kommt auch Bernardo Eggers noch dazu und erz\u00e4hlt uns die Geschichte der Sammlung.<\/p>\n<p>&nbsp;<\/p>\n<p>Obwohl es noch so viel zu erz\u00e4hlen g\u00e4be, m\u00f6chte ich hier schlie\u00dfen, denn der Blog soll noch aus Chile ver\u00f6ffentlicht werden und bis zum Abflug sind nur noch 15 Stunden.<\/p>\n<p>&nbsp;<\/p>\n<p>Vielen Dank, Kathy, f\u00fcr Deine Fotos zu diesen Blog!<\/p>\n","protected":false},"excerpt":{"rendered":"<p>Die W\u00fcste im Norden von Chile hat uns fasziniert. Das Wetter war sehr sch\u00f6n und die Temperaturen ausgesprochen angenehm &#8211; ein gutes Ziel um den Urlaub zu beginnen. Weiter geht es in den S\u00fcden,<\/p>\n","protected":false},"author":2,"featured_media":1491,"comment_status":"open","ping_status":"open","sticky":false,"template":"","format":"standard","meta":{"ngg_post_thumbnail":0,"_jetpack_memberships_contains_paid_content":false,"footnotes":"","jetpack_publicize_message":"","jetpack_publicize_feature_enabled":true,"jetpack_social_post_already_shared":false,"jetpack_social_options":{"image_generator_settings":{"template":"highway","default_image_id":0,"font":"","enabled":false},"version":2}},"categories":[1,13],"tags":[48],"class_list":["post-1487","post","type-post","status-publish","format-standard","has-post-thumbnail","hentry","category-allgemein","category-chile","tag-suedamerikareise"],"jetpack_publicize_connections":[],"jetpack_featured_media_url":"http:\/\/www.alteisenaufreisen.de\/wp-content\/uploads\/Adios-04.jpg","jetpack_sharing_enabled":true,"_links":{"self":[{"href":"http:\/\/www.alteisenaufreisen.de\/index.php?rest_route=\/wp\/v2\/posts\/1487","targetHints":{"allow":["GET"]}}],"collection":[{"href":"http:\/\/www.alteisenaufreisen.de\/index.php?rest_route=\/wp\/v2\/posts"}],"about":[{"href":"http:\/\/www.alteisenaufreisen.de\/index.php?rest_route=\/wp\/v2\/types\/post"}],"author":[{"embeddable":true,"href":"http:\/\/www.alteisenaufreisen.de\/index.php?rest_route=\/wp\/v2\/users\/2"}],"replies":[{"embeddable":true,"href":"http:\/\/www.alteisenaufreisen.de\/index.php?rest_route=%2Fwp%2Fv2%2Fcomments&post=1487"}],"version-history":[{"count":2,"href":"http:\/\/www.alteisenaufreisen.de\/index.php?rest_route=\/wp\/v2\/posts\/1487\/revisions"}],"predecessor-version":[{"id":3726,"href":"http:\/\/www.alteisenaufreisen.de\/index.php?rest_route=\/wp\/v2\/posts\/1487\/revisions\/3726"}],"wp:featuredmedia":[{"embeddable":true,"href":"http:\/\/www.alteisenaufreisen.de\/index.php?rest_route=\/wp\/v2\/media\/1491"}],"wp:attachment":[{"href":"http:\/\/www.alteisenaufreisen.de\/index.php?rest_route=%2Fwp%2Fv2%2Fmedia&parent=1487"}],"wp:term":[{"taxonomy":"category","embeddable":true,"href":"http:\/\/www.alteisenaufreisen.de\/index.php?rest_route=%2Fwp%2Fv2%2Fcategories&post=1487"},{"taxonomy":"post_tag","embeddable":true,"href":"http:\/\/www.alteisenaufreisen.de\/index.php?rest_route=%2Fwp%2Fv2%2Ftags&post=1487"}],"curies":[{"name":"wp","href":"https:\/\/api.w.org\/{rel}","templated":true}]}}