{"id":2511,"date":"2013-08-02T11:09:47","date_gmt":"2013-08-02T09:09:47","guid":{"rendered":"http:\/\/www.alteisenaufreisen.de\/?p=2511"},"modified":"2017-07-25T22:12:25","modified_gmt":"2017-07-25T20:12:25","slug":"jede-reise-beginnt-mit-dem-ersten-schritt","status":"publish","type":"post","link":"http:\/\/www.alteisenaufreisen.de\/?p=2511","title":{"rendered":"Jede Reise beginnt mit dem ersten Schritt"},"content":{"rendered":"<p>Jede Reise beginnt mit dem ersten Schritt, und unsere erste Fahrt f\u00fchrt unsere Gruppe vor die Schule von Klaus und Christoph. Um halb zw\u00f6lf stehen dort alle Motorr\u00e4der zur Abfahrt bereit und so kann Klaus, der am Morgen noch in &#8218;Zivil&#8216; zur Schule kam, auf dem Motorrad seine &#8218;Traum-Tour&#8216; beginnen.<!--more--><\/p>\n<p><a href=\"http:\/\/www.alteisenaufreisen.de\/?attachment_id=2506\" rel=\"attachment wp-att-2506\"><img decoding=\"async\" data-attachment-id=\"2506\" data-permalink=\"http:\/\/www.alteisenaufreisen.de\/?attachment_id=2506\" data-orig-file=\"http:\/\/www.alteisenaufreisen.de\/wp-content\/uploads\/Start-1.jpg\" data-orig-size=\"800,533\" data-comments-opened=\"1\" data-image-meta=\"{&quot;aperture&quot;:&quot;6.3&quot;,&quot;credit&quot;:&quot;&quot;,&quot;camera&quot;:&quot;Canon EOS 400D DIGITAL&quot;,&quot;caption&quot;:&quot;&quot;,&quot;created_timestamp&quot;:&quot;1374838162&quot;,&quot;copyright&quot;:&quot;&quot;,&quot;focal_length&quot;:&quot;17&quot;,&quot;iso&quot;:&quot;200&quot;,&quot;shutter_speed&quot;:&quot;0.01&quot;,&quot;title&quot;:&quot;&quot;}\" data-image-title=\"Aufstellung zur Abreise\" data-image-description=\"\" data-image-caption=\"\" data-large-file=\"http:\/\/www.alteisenaufreisen.de\/wp-content\/uploads\/Start-1-494x329.jpg\" class=\"aligncenter size-large wp-image-2506\" src=\"http:\/\/www.alteisenaufreisen.de\/wp-content\/uploads\/Start-1-494x329.jpg\" alt=\"Aufstellung zur Abreise\" width=\"494\" height=\"329\" srcset=\"http:\/\/www.alteisenaufreisen.de\/wp-content\/uploads\/Start-1-494x329.jpg 494w, http:\/\/www.alteisenaufreisen.de\/wp-content\/uploads\/Start-1-188x125.jpg 188w, http:\/\/www.alteisenaufreisen.de\/wp-content\/uploads\/Start-1.jpg 800w\" sizes=\"(max-width: 494px) 100vw, 494px\" \/><\/a><\/p>\n<p>Vor der Schule stehen unsere f\u00fcnf Motorr\u00e4der aufgereiht und auf den Eingangsstufen versammeln sich Kollegen und Sch\u00fcler. Rudi h\u00e4lt eine&nbsp; &#8218;Auf-Wiedersehen-Rede&#8216; und \u00fcberreicht jedem von uns einen kleinen Engel f\u00fcr die Reise.<\/p>\n<p><a href=\"http:\/\/www.alteisenaufreisen.de\/?attachment_id=2514\" rel=\"attachment wp-att-2514\"><img decoding=\"async\" data-attachment-id=\"2514\" data-permalink=\"http:\/\/www.alteisenaufreisen.de\/?attachment_id=2514\" data-orig-file=\"http:\/\/www.alteisenaufreisen.de\/wp-content\/uploads\/Start-21.jpg\" data-orig-size=\"800,739\" data-comments-opened=\"1\" data-image-meta=\"{&quot;aperture&quot;:&quot;4&quot;,&quot;credit&quot;:&quot;&quot;,&quot;camera&quot;:&quot;NIKON 1 V1&quot;,&quot;caption&quot;:&quot;&quot;,&quot;created_timestamp&quot;:&quot;1374838631&quot;,&quot;copyright&quot;:&quot;&quot;,&quot;focal_length&quot;:&quot;10&quot;,&quot;iso&quot;:&quot;100&quot;,&quot;shutter_speed&quot;:&quot;0.004&quot;,&quot;title&quot;:&quot;&quot;}\" data-image-title=\"Verabschiedung\" data-image-description=\"\" data-image-caption=\"\" data-large-file=\"http:\/\/www.alteisenaufreisen.de\/wp-content\/uploads\/Start-21-494x456.jpg\" class=\"aligncenter size-large wp-image-2514\" src=\"http:\/\/www.alteisenaufreisen.de\/wp-content\/uploads\/Start-21-494x456.jpg\" alt=\"Verabschiedung\" width=\"494\" height=\"456\" srcset=\"http:\/\/www.alteisenaufreisen.de\/wp-content\/uploads\/Start-21-494x456.jpg 494w, http:\/\/www.alteisenaufreisen.de\/wp-content\/uploads\/Start-21-188x173.jpg 188w, http:\/\/www.alteisenaufreisen.de\/wp-content\/uploads\/Start-21-649x600.jpg 649w, http:\/\/www.alteisenaufreisen.de\/wp-content\/uploads\/Start-21.jpg 800w\" sizes=\"(max-width: 494px) 100vw, 494px\" \/><\/a><\/p>\n<p>&nbsp;<\/p>\n<p><a href=\"http:\/\/www.alteisenaufreisen.de\/?attachment_id=2508\" rel=\"attachment wp-att-2508\"><img decoding=\"async\" data-attachment-id=\"2508\" data-permalink=\"http:\/\/www.alteisenaufreisen.de\/?attachment_id=2508\" data-orig-file=\"http:\/\/www.alteisenaufreisen.de\/wp-content\/uploads\/Start-3.jpg\" data-orig-size=\"800,686\" data-comments-opened=\"1\" data-image-meta=\"{&quot;aperture&quot;:&quot;3.5&quot;,&quot;credit&quot;:&quot;&quot;,&quot;camera&quot;:&quot;NIKON 1 V1&quot;,&quot;caption&quot;:&quot;&quot;,&quot;created_timestamp&quot;:&quot;1374838290&quot;,&quot;copyright&quot;:&quot;&quot;,&quot;focal_length&quot;:&quot;10&quot;,&quot;iso&quot;:&quot;100&quot;,&quot;shutter_speed&quot;:&quot;0.00625&quot;,&quot;title&quot;:&quot;&quot;}\" data-image-title=\"Die f\u00fcnf Schwarzmeer-Fahrer\" data-image-description=\"\" data-image-caption=\"\" data-large-file=\"http:\/\/www.alteisenaufreisen.de\/wp-content\/uploads\/Start-3-494x423.jpg\" class=\"aligncenter size-large wp-image-2508\" src=\"http:\/\/www.alteisenaufreisen.de\/wp-content\/uploads\/Start-3-494x423.jpg\" alt=\"Die f\u00fcnf Schwarzmeer-Fahrer\" width=\"494\" height=\"423\" srcset=\"http:\/\/www.alteisenaufreisen.de\/wp-content\/uploads\/Start-3-494x423.jpg 494w, http:\/\/www.alteisenaufreisen.de\/wp-content\/uploads\/Start-3-188x161.jpg 188w, http:\/\/www.alteisenaufreisen.de\/wp-content\/uploads\/Start-3-699x600.jpg 699w, http:\/\/www.alteisenaufreisen.de\/wp-content\/uploads\/Start-3.jpg 800w\" sizes=\"(max-width: 494px) 100vw, 494px\" \/><\/a><\/p>\n<p>An alle, die da waren einen herzlichen Dank f\u00fcr den wundervollen Abschied.<\/p>\n<p><a href=\"http:\/\/www.alteisenaufreisen.de\/?attachment_id=2507\" rel=\"attachment wp-att-2507\"><img decoding=\"async\" data-attachment-id=\"2507\" data-permalink=\"http:\/\/www.alteisenaufreisen.de\/?attachment_id=2507\" data-orig-file=\"http:\/\/www.alteisenaufreisen.de\/wp-content\/uploads\/Start-2.jpg\" data-orig-size=\"800,458\" data-comments-opened=\"1\" data-image-meta=\"{&quot;aperture&quot;:&quot;4&quot;,&quot;credit&quot;:&quot;&quot;,&quot;camera&quot;:&quot;NIKON 1 V1&quot;,&quot;caption&quot;:&quot;&quot;,&quot;created_timestamp&quot;:&quot;1374838652&quot;,&quot;copyright&quot;:&quot;&quot;,&quot;focal_length&quot;:&quot;10&quot;,&quot;iso&quot;:&quot;100&quot;,&quot;shutter_speed&quot;:&quot;0.004&quot;,&quot;title&quot;:&quot;&quot;}\" data-image-title=\"Start 2\" data-image-description=\"\" data-image-caption=\"\" data-large-file=\"http:\/\/www.alteisenaufreisen.de\/wp-content\/uploads\/Start-2-494x282.jpg\" class=\"aligncenter size-large wp-image-2507\" src=\"http:\/\/www.alteisenaufreisen.de\/wp-content\/uploads\/Start-2-494x282.jpg\" alt=\"Start 2\" width=\"494\" height=\"282\" srcset=\"http:\/\/www.alteisenaufreisen.de\/wp-content\/uploads\/Start-2-494x282.jpg 494w, http:\/\/www.alteisenaufreisen.de\/wp-content\/uploads\/Start-2-188x107.jpg 188w, http:\/\/www.alteisenaufreisen.de\/wp-content\/uploads\/Start-2.jpg 800w\" sizes=\"(max-width: 494px) 100vw, 494px\" \/><\/a><\/p>\n<p>Es ist kurz nach \u00bd 12 Uhr, wir starten die Motoren, Klaus setzt sich an die Spitze und f\u00fchrt uns auf der Startetappe nach Osten aus der Stadt. Noch einmal die Tanks auf Gleichstand gef\u00fcllt, verlassen wir Landshut in Richtung Vilstal.<\/p>\n<p><a href=\"http:\/\/www.alteisenaufreisen.de\/?attachment_id=2509\" rel=\"attachment wp-att-2509\"><img decoding=\"async\" data-attachment-id=\"2509\" data-permalink=\"http:\/\/www.alteisenaufreisen.de\/?attachment_id=2509\" data-orig-file=\"http:\/\/www.alteisenaufreisen.de\/wp-content\/uploads\/Start-11.jpg\" data-orig-size=\"800,515\" data-comments-opened=\"1\" data-image-meta=\"{&quot;aperture&quot;:&quot;0&quot;,&quot;credit&quot;:&quot;&quot;,&quot;camera&quot;:&quot;&quot;,&quot;caption&quot;:&quot;&quot;,&quot;created_timestamp&quot;:&quot;0&quot;,&quot;copyright&quot;:&quot;&quot;,&quot;focal_length&quot;:&quot;0&quot;,&quot;iso&quot;:&quot;0&quot;,&quot;shutter_speed&quot;:&quot;0&quot;,&quot;title&quot;:&quot;&quot;}\" data-image-title=\"Start 11\" data-image-description=\"\" data-image-caption=\"\" data-large-file=\"http:\/\/www.alteisenaufreisen.de\/wp-content\/uploads\/Start-11-494x318.jpg\" class=\"aligncenter size-large wp-image-2509\" src=\"http:\/\/www.alteisenaufreisen.de\/wp-content\/uploads\/Start-11-494x318.jpg\" alt=\"Start 11\" width=\"494\" height=\"318\" srcset=\"http:\/\/www.alteisenaufreisen.de\/wp-content\/uploads\/Start-11-494x318.jpg 494w, http:\/\/www.alteisenaufreisen.de\/wp-content\/uploads\/Start-11-188x121.jpg 188w, http:\/\/www.alteisenaufreisen.de\/wp-content\/uploads\/Start-11.jpg 800w\" sizes=\"(max-width: 494px) 100vw, 494px\" \/><\/a><\/p>\n<p>Unsere Reise f\u00fchrt uns nach Osten &#8211; der Sonne entgegen.<\/p>\n","protected":false},"excerpt":{"rendered":"<p>Jede Reise beginnt mit dem ersten Schritt, und unsere erste Fahrt f\u00fchrt unsere Gruppe vor die Schule von Klaus und Christoph. Um halb zw\u00f6lf stehen dort alle Motorr\u00e4der zur Abfahrt bereit und so kann Klaus, der am Morgen noch in &#8218;Zivil&#8216; zur Schule kam, auf dem Motorrad seine &#8218;Traum-Tour&#8216; beginnen.<\/p>\n","protected":false},"author":2,"featured_media":2509,"comment_status":"open","ping_status":"open","sticky":false,"template":"","format":"standard","meta":{"ngg_post_thumbnail":0,"_jetpack_memberships_contains_paid_content":false,"footnotes":"","jetpack_publicize_message":"","jetpack_publicize_feature_enabled":true,"jetpack_social_post_already_shared":false,"jetpack_social_options":{"image_generator_settings":{"template":"highway","default_image_id":0,"font":"","enabled":false},"version":2}},"categories":[1],"tags":[50],"class_list":["post-2511","post","type-post","status-publish","format-standard","has-post-thumbnail","hentry","category-allgemein","tag-schwarzmeerrundfahrt"],"jetpack_publicize_connections":[],"jetpack_featured_media_url":"http:\/\/www.alteisenaufreisen.de\/wp-content\/uploads\/Start-11.jpg","jetpack_sharing_enabled":true,"_links":{"self":[{"href":"http:\/\/www.alteisenaufreisen.de\/index.php?rest_route=\/wp\/v2\/posts\/2511","targetHints":{"allow":["GET"]}}],"collection":[{"href":"http:\/\/www.alteisenaufreisen.de\/index.php?rest_route=\/wp\/v2\/posts"}],"about":[{"href":"http:\/\/www.alteisenaufreisen.de\/index.php?rest_route=\/wp\/v2\/types\/post"}],"author":[{"embeddable":true,"href":"http:\/\/www.alteisenaufreisen.de\/index.php?rest_route=\/wp\/v2\/users\/2"}],"replies":[{"embeddable":true,"href":"http:\/\/www.alteisenaufreisen.de\/index.php?rest_route=%2Fwp%2Fv2%2Fcomments&post=2511"}],"version-history":[{"count":5,"href":"http:\/\/www.alteisenaufreisen.de\/index.php?rest_route=\/wp\/v2\/posts\/2511\/revisions"}],"predecessor-version":[{"id":3705,"href":"http:\/\/www.alteisenaufreisen.de\/index.php?rest_route=\/wp\/v2\/posts\/2511\/revisions\/3705"}],"wp:featuredmedia":[{"embeddable":true,"href":"http:\/\/www.alteisenaufreisen.de\/index.php?rest_route=\/wp\/v2\/media\/2509"}],"wp:attachment":[{"href":"http:\/\/www.alteisenaufreisen.de\/index.php?rest_route=%2Fwp%2Fv2%2Fmedia&parent=2511"}],"wp:term":[{"taxonomy":"category","embeddable":true,"href":"http:\/\/www.alteisenaufreisen.de\/index.php?rest_route=%2Fwp%2Fv2%2Fcategories&post=2511"},{"taxonomy":"post_tag","embeddable":true,"href":"http:\/\/www.alteisenaufreisen.de\/index.php?rest_route=%2Fwp%2Fv2%2Ftags&post=2511"}],"curies":[{"name":"wp","href":"https:\/\/api.w.org\/{rel}","templated":true}]}}