{"id":27,"date":"2010-09-13T19:48:56","date_gmt":"2010-09-13T19:48:56","guid":{"rendered":"http:\/\/www.alteisenaufreisen.de\/?p=27"},"modified":"2017-02-08T23:14:57","modified_gmt":"2017-02-08T21:14:57","slug":"jetzt-gehts-los","status":"publish","type":"post","link":"http:\/\/www.alteisenaufreisen.de\/?p=27","title":{"rendered":"Jetzt geht&#8217;s los!"},"content":{"rendered":"<p>Herzlich willkommen zum Reise-Blog von Paul Kage.<\/p>\n<p>Jetzt kann\u2019s losgehen!<!--more--><\/p>\n<p>Das Touristen Visum (B-2) f\u00fcr USA ist genehmigt!<br \/>\n<a href=\"http:\/\/www.alteisenaufreisen.de\/wp-content\/uploads\/IMG_4055.jpg\"><img decoding=\"async\" data-attachment-id=\"29\" data-permalink=\"http:\/\/www.alteisenaufreisen.de\/?attachment_id=29\" data-orig-file=\"http:\/\/www.alteisenaufreisen.de\/wp-content\/uploads\/IMG_4055.jpg\" data-orig-size=\"547,1194\" data-comments-opened=\"1\" data-image-meta=\"{&quot;aperture&quot;:&quot;0&quot;,&quot;credit&quot;:&quot;&quot;,&quot;camera&quot;:&quot;&quot;,&quot;caption&quot;:&quot;&quot;,&quot;created_timestamp&quot;:&quot;0&quot;,&quot;copyright&quot;:&quot;&quot;,&quot;focal_length&quot;:&quot;0&quot;,&quot;iso&quot;:&quot;0&quot;,&quot;shutter_speed&quot;:&quot;0&quot;,&quot;title&quot;:&quot;&quot;}\" data-image-title=\"Paul Hochkant\" data-image-description=\"\" data-image-caption=\"\" data-large-file=\"http:\/\/www.alteisenaufreisen.de\/wp-content\/uploads\/IMG_4055-226x494.jpg\" class=\"alignright size-large wp-image-29\" title=\"Paul Hochkant\" src=\"http:\/\/www.alteisenaufreisen.de\/wp-content\/uploads\/IMG_4055-226x494.jpg\" alt=\"\" width=\"226\" height=\"494\" srcset=\"http:\/\/www.alteisenaufreisen.de\/wp-content\/uploads\/IMG_4055-226x494.jpg 226w, http:\/\/www.alteisenaufreisen.de\/wp-content\/uploads\/IMG_4055-86x188.jpg 86w, http:\/\/www.alteisenaufreisen.de\/wp-content\/uploads\/IMG_4055-274x600.jpg 274w, http:\/\/www.alteisenaufreisen.de\/wp-content\/uploads\/IMG_4055.jpg 547w\" sizes=\"(max-width: 226px) 100vw, 226px\" \/><\/a><br \/>\nWie schon angek\u00fcndigt, k\u00f6nnt Ihr in den kommenden Monaten, in hoffentlich recht regelm\u00e4\u00dfigen Abst\u00e4nden \u2013 zumindest ist es so geplant, die jeweiligen Umst\u00e4nde werden zeigen, wie sich das realisieren l\u00e4sst &#8211;\u00a0 \u00fcber meine Motorradreise durch Lateinamerika lesen. Zusammen mit zwei Freunden, Mich und Simon bin ich unterwegs.<\/p>\n<p>Schon lange treibt es mich um, auf <strong>der<\/strong> Traumstrasse der Welt oder zumindest nahe dran auf dem amerikanischen Kontinent in Richtung S\u00fcden zu rollen und dabei L\u00e4nder zu sehen und Leute kennen zu lernen. Mit Mich und Simon habe ich zwei Gleichgesinnte getroffen und so steht unsere Vereinbarung, die Reise gemeinsam zu unternehmen. Mich will seine bereits vor sechs Jahren gesammelten Eindr\u00fccke von S\u00fcdamerika wieder auffrischen und nat\u00fcrlich Neues sehen und intensiver erleben als beim letzten Mal.<br \/>\nWir haben uns vorgenommen dies zusammen im kommenden \u201aEuropa-Winter\u2019 2010\/2011 zu realisieren.<\/p>\n","protected":false},"excerpt":{"rendered":"<p>Herzlich willkommen zum Reise-Blog von Paul Kage. Jetzt kann\u2019s losgehen!<\/p>\n","protected":false},"author":2,"featured_media":29,"comment_status":"open","ping_status":"open","sticky":false,"template":"","format":"standard","meta":{"ngg_post_thumbnail":0,"_jetpack_memberships_contains_paid_content":false,"footnotes":"","jetpack_publicize_message":"","jetpack_publicize_feature_enabled":true,"jetpack_social_post_already_shared":false,"jetpack_social_options":{"image_generator_settings":{"template":"highway","default_image_id":0,"font":"","enabled":false},"version":2}},"categories":[1],"tags":[48],"class_list":["post-27","post","type-post","status-publish","format-standard","has-post-thumbnail","hentry","category-allgemein","tag-suedamerikareise"],"jetpack_publicize_connections":[],"jetpack_featured_media_url":"http:\/\/www.alteisenaufreisen.de\/wp-content\/uploads\/IMG_4055.jpg","jetpack_sharing_enabled":true,"_links":{"self":[{"href":"http:\/\/www.alteisenaufreisen.de\/index.php?rest_route=\/wp\/v2\/posts\/27","targetHints":{"allow":["GET"]}}],"collection":[{"href":"http:\/\/www.alteisenaufreisen.de\/index.php?rest_route=\/wp\/v2\/posts"}],"about":[{"href":"http:\/\/www.alteisenaufreisen.de\/index.php?rest_route=\/wp\/v2\/types\/post"}],"author":[{"embeddable":true,"href":"http:\/\/www.alteisenaufreisen.de\/index.php?rest_route=\/wp\/v2\/users\/2"}],"replies":[{"embeddable":true,"href":"http:\/\/www.alteisenaufreisen.de\/index.php?rest_route=%2Fwp%2Fv2%2Fcomments&post=27"}],"version-history":[{"count":9,"href":"http:\/\/www.alteisenaufreisen.de\/index.php?rest_route=\/wp\/v2\/posts\/27\/revisions"}],"predecessor-version":[{"id":3642,"href":"http:\/\/www.alteisenaufreisen.de\/index.php?rest_route=\/wp\/v2\/posts\/27\/revisions\/3642"}],"wp:featuredmedia":[{"embeddable":true,"href":"http:\/\/www.alteisenaufreisen.de\/index.php?rest_route=\/wp\/v2\/media\/29"}],"wp:attachment":[{"href":"http:\/\/www.alteisenaufreisen.de\/index.php?rest_route=%2Fwp%2Fv2%2Fmedia&parent=27"}],"wp:term":[{"taxonomy":"category","embeddable":true,"href":"http:\/\/www.alteisenaufreisen.de\/index.php?rest_route=%2Fwp%2Fv2%2Fcategories&post=27"},{"taxonomy":"post_tag","embeddable":true,"href":"http:\/\/www.alteisenaufreisen.de\/index.php?rest_route=%2Fwp%2Fv2%2Ftags&post=27"}],"curies":[{"name":"wp","href":"https:\/\/api.w.org\/{rel}","templated":true}]}}