{"id":2889,"date":"2014-01-11T19:41:48","date_gmt":"2014-01-11T17:41:48","guid":{"rendered":"http:\/\/www.alteisenaufreisen.de\/?p=2889"},"modified":"2023-03-19T11:36:42","modified_gmt":"2023-03-19T09:36:42","slug":"jordanien-insel-im-sturm","status":"publish","type":"post","link":"http:\/\/www.alteisenaufreisen.de\/?p=2889","title":{"rendered":"Jordanien &#8211; Insel im Sturm"},"content":{"rendered":"<p>Obwohl bei uns der Winter nicht recht einziehen will, nehmen wir uns &#8211; dieses Mal nicht auf dem Motorrad &#8211; ein Ziel vor, das neben einer ganzen Menge Kultur auch etwas w\u00e4rmere Temperaturen verspricht. <!--more-->In der W\u00fcste, so das Kalk\u00fcl, ist es tags\u00fcber auch in unserem Winter w\u00e4rmer und vor allem sonnig. Vor diesem Hintergrund&nbsp; machen wir uns mit einer Reisegruppe aus \u00d6sterreich &#8211; organisiert von <a href=\"http:\/\/www.kneissltouristik.at\/de\/kneissl-touristik\/\" target=\"_blank\" rel=\"noopener noreferrer\">Kneissl touristik aus Lambach bei Wels<\/a> &#8211; auf den Weg in den Nahen Osten, nach Jordanien.<\/p>\n<p><a href=\"http:\/\/www.alteisenaufreisen.de\/?attachment_id=2829\" rel=\"attachment wp-att-2829\"><img decoding=\"async\" data-attachment-id=\"2829\" data-permalink=\"http:\/\/www.alteisenaufreisen.de\/?attachment_id=2829\" data-orig-file=\"http:\/\/www.alteisenaufreisen.de\/wp-content\/uploads\/01-Jordanien.jpg\" data-orig-size=\"800,533\" data-comments-opened=\"1\" data-image-meta=\"{&quot;aperture&quot;:&quot;4&quot;,&quot;credit&quot;:&quot;Paul Kage&quot;,&quot;camera&quot;:&quot;Canon EOS 6D&quot;,&quot;caption&quot;:&quot;&quot;,&quot;created_timestamp&quot;:&quot;1388393988&quot;,&quot;copyright&quot;:&quot;alteisenaufreisen&quot;,&quot;focal_length&quot;:&quot;73&quot;,&quot;iso&quot;:&quot;160&quot;,&quot;shutter_speed&quot;:&quot;0.016666666666667&quot;,&quot;title&quot;:&quot;&quot;}\" data-image-title=\"01 Jordanien\" data-image-description=\"\" data-image-caption=\"\" data-large-file=\"http:\/\/www.alteisenaufreisen.de\/wp-content\/uploads\/01-Jordanien-494x329.jpg\" class=\"aligncenter size-full wp-image-2829\" src=\"http:\/\/www.alteisenaufreisen.de\/wp-content\/uploads\/01-Jordanien.jpg\" alt=\"01 Jordanien\" width=\"800\" height=\"533\" srcset=\"http:\/\/www.alteisenaufreisen.de\/wp-content\/uploads\/01-Jordanien.jpg 800w, http:\/\/www.alteisenaufreisen.de\/wp-content\/uploads\/01-Jordanien-188x125.jpg 188w, http:\/\/www.alteisenaufreisen.de\/wp-content\/uploads\/01-Jordanien-494x329.jpg 494w\" sizes=\"(max-width: 767px) 89vw, (max-width: 1000px) 54vw, (max-width: 1071px) 543px, 580px\" \/><\/a><\/p>\n<p>Das Programm ist so gestaltet, dass es auch f\u00fcr Kathy und mich, die wir normalerweise Individualreisen den Gruppenreisen vorziehen, sehr interessant ist und so werden wir Teil einer Reisegruppe.<\/p>\n<p>Von M\u00fcnchen fliegen wir nach <strong>Amman<\/strong>, der jordanischen Hauptstadt, die schon in biblischer Zeit von den Ammonitern auf sieben H\u00fcgeln als Rabbat-Ammon gegr\u00fcndet wurde. Im Jahr 1900 war der Ort ein Dorf mit ca. 2.000 Einwohnern. Der Lauf der Geschichte des 20 Jhdts. im Nahen Osten hat Amman zur Gro\u00dfstadt mitten in der W\u00fcste werden lassen. Es wohnen derzeit ungef\u00e4hr 2,3 Mio. Menschen in der Stadt was ihre Ausdehnung auf \u00fcber 23 H\u00fcgel zur Folge hat.<\/p>\n<p><a href=\"http:\/\/www.alteisenaufreisen.de\/?attachment_id=2830\" rel=\"attachment wp-att-2830\"><img decoding=\"async\" data-attachment-id=\"2830\" data-permalink=\"http:\/\/www.alteisenaufreisen.de\/?attachment_id=2830\" data-orig-file=\"http:\/\/www.alteisenaufreisen.de\/wp-content\/uploads\/02-Amman.jpg\" data-orig-size=\"800,533\" data-comments-opened=\"1\" data-image-meta=\"{&quot;aperture&quot;:&quot;10&quot;,&quot;credit&quot;:&quot;Paul Kage&quot;,&quot;camera&quot;:&quot;Canon EOS 6D&quot;,&quot;caption&quot;:&quot;&quot;,&quot;created_timestamp&quot;:&quot;1388397121&quot;,&quot;copyright&quot;:&quot;alteisenaufreisen&quot;,&quot;focal_length&quot;:&quot;32&quot;,&quot;iso&quot;:&quot;100&quot;,&quot;shutter_speed&quot;:&quot;0.004&quot;,&quot;title&quot;:&quot;&quot;}\" data-image-title=\"02 Amman\" data-image-description=\"\" data-image-caption=\"\" data-large-file=\"http:\/\/www.alteisenaufreisen.de\/wp-content\/uploads\/02-Amman-494x329.jpg\" class=\"aligncenter size-full wp-image-2830\" src=\"http:\/\/www.alteisenaufreisen.de\/wp-content\/uploads\/02-Amman.jpg\" alt=\"02 Amman\" width=\"800\" height=\"533\" srcset=\"http:\/\/www.alteisenaufreisen.de\/wp-content\/uploads\/02-Amman.jpg 800w, http:\/\/www.alteisenaufreisen.de\/wp-content\/uploads\/02-Amman-188x125.jpg 188w, http:\/\/www.alteisenaufreisen.de\/wp-content\/uploads\/02-Amman-494x329.jpg 494w\" sizes=\"(max-width: 767px) 89vw, (max-width: 1000px) 54vw, (max-width: 1071px) 543px, 580px\" \/><\/a><\/p>\n<p>Viele fragen uns: kann man denn angesichts der Unruhen in den Nachbarl\u00e4ndern nach Jordanien fahren, ist das sicher?<\/p>\n<p>Gleich zu Anfang die Antwort: ja, man kann! Das Land erleben wir als sehr friedlich. Es ist sehr damit besch\u00e4ftigt seine eigene Wirtschaft aufzubauen und in Gang zu halten, ihr Bev\u00f6lkerungswachstum in jeder Hinsicht zu organisieren, die Fl\u00fcchtlinge aus Syrien (ca. 1,3 Mio.) zu betreuen und dar\u00fcber die Fl\u00fcchtlinge aus dem Irak und \u00c4gypten (zusammen ca. 1 Mio.) nicht zu vergessen. Das bedeutet, dass ca. 6,7 Mio. Jordanier f\u00fcr mehr als 2 Mio. Fl\u00fcchtlinge, die sie in ihr Land aufgenommen haben, sorgen. Das beginnt mit der t\u00e4glichen Versorgung mit Nahrungsmitteln und endet beileibe nicht mit der Organisation des Schulbesuchs der Fl\u00fcchtlingskinder. Eine wahrlich herkulanische Aufgabe, der sich das Land stellt.<\/p>\n<p>Als Touristen unterst\u00fctzen wir die Anstrengungen ein wenig, indem wir Devisen ins Land bringen.<\/p>\n<p><a href=\"http:\/\/www.alteisenaufreisen.de\/?attachment_id=2831\" rel=\"attachment wp-att-2831\"><img decoding=\"async\" data-attachment-id=\"2831\" data-permalink=\"http:\/\/www.alteisenaufreisen.de\/?attachment_id=2831\" data-orig-file=\"http:\/\/www.alteisenaufreisen.de\/wp-content\/uploads\/03-Zitadelle-Amman.jpg\" data-orig-size=\"800,533\" data-comments-opened=\"1\" data-image-meta=\"{&quot;aperture&quot;:&quot;11&quot;,&quot;credit&quot;:&quot;Paul Kage&quot;,&quot;camera&quot;:&quot;Canon EOS 6D&quot;,&quot;caption&quot;:&quot;&quot;,&quot;created_timestamp&quot;:&quot;1388397540&quot;,&quot;copyright&quot;:&quot;alteisenaufreisen&quot;,&quot;focal_length&quot;:&quot;40&quot;,&quot;iso&quot;:&quot;100&quot;,&quot;shutter_speed&quot;:&quot;0.01&quot;,&quot;title&quot;:&quot;&quot;}\" data-image-title=\"03 Zitadelle Amman\" data-image-description=\"\" data-image-caption=\"\" data-large-file=\"http:\/\/www.alteisenaufreisen.de\/wp-content\/uploads\/03-Zitadelle-Amman-494x329.jpg\" class=\"aligncenter size-full wp-image-2831\" src=\"http:\/\/www.alteisenaufreisen.de\/wp-content\/uploads\/03-Zitadelle-Amman.jpg\" alt=\"03 Zitadelle Amman\" width=\"800\" height=\"533\" srcset=\"http:\/\/www.alteisenaufreisen.de\/wp-content\/uploads\/03-Zitadelle-Amman.jpg 800w, http:\/\/www.alteisenaufreisen.de\/wp-content\/uploads\/03-Zitadelle-Amman-188x125.jpg 188w, http:\/\/www.alteisenaufreisen.de\/wp-content\/uploads\/03-Zitadelle-Amman-494x329.jpg 494w\" sizes=\"(max-width: 767px) 89vw, (max-width: 1000px) 54vw, (max-width: 1071px) 543px, 580px\" \/><\/a><\/p>\n<p>Vor diesem Hintergrund starten wir unseren Besuch und erkunden zuerst das Stadtzentrum von Amman. Auf dem H\u00fcgel \u00fcber der Altstadt finden wir die Zitadelle mit ihren griechischen und r\u00f6mischen Artefakten. Besonders f\u00e4llt der Herkules-Tempel mit den wieder aufgerichteten S\u00e4ulen ins Auge und das Objektiv.<\/p>\n<p><a href=\"http:\/\/www.alteisenaufreisen.de\/?attachment_id=2832\" rel=\"attachment wp-att-2832\"><img decoding=\"async\" data-attachment-id=\"2832\" data-permalink=\"http:\/\/www.alteisenaufreisen.de\/?attachment_id=2832\" data-orig-file=\"http:\/\/www.alteisenaufreisen.de\/wp-content\/uploads\/04-Hand-des-Riesen-Zitadelle.jpg\" data-orig-size=\"800,533\" data-comments-opened=\"1\" data-image-meta=\"{&quot;aperture&quot;:&quot;5.6&quot;,&quot;credit&quot;:&quot;Paul Kage&quot;,&quot;camera&quot;:&quot;Canon EOS 6D&quot;,&quot;caption&quot;:&quot;&quot;,&quot;created_timestamp&quot;:&quot;1388401080&quot;,&quot;copyright&quot;:&quot;alteisenaufreisen&quot;,&quot;focal_length&quot;:&quot;105&quot;,&quot;iso&quot;:&quot;100&quot;,&quot;shutter_speed&quot;:&quot;0.005&quot;,&quot;title&quot;:&quot;&quot;}\" data-image-title=\"04 Hand des Riesen-Zitadelle\" data-image-description=\"\" data-image-caption=\"\" data-large-file=\"http:\/\/www.alteisenaufreisen.de\/wp-content\/uploads\/04-Hand-des-Riesen-Zitadelle-494x329.jpg\" class=\"aligncenter size-full wp-image-2832\" src=\"http:\/\/www.alteisenaufreisen.de\/wp-content\/uploads\/04-Hand-des-Riesen-Zitadelle.jpg\" alt=\"04 Hand des Riesen-Zitadelle\" width=\"800\" height=\"533\" srcset=\"http:\/\/www.alteisenaufreisen.de\/wp-content\/uploads\/04-Hand-des-Riesen-Zitadelle.jpg 800w, http:\/\/www.alteisenaufreisen.de\/wp-content\/uploads\/04-Hand-des-Riesen-Zitadelle-188x125.jpg 188w, http:\/\/www.alteisenaufreisen.de\/wp-content\/uploads\/04-Hand-des-Riesen-Zitadelle-494x329.jpg 494w\" sizes=\"(max-width: 767px) 89vw, (max-width: 1000px) 54vw, (max-width: 1071px) 543px, 580px\" \/><\/a><\/p>\n<p>Nat\u00fcrlich besuchen wir auch die einzige f\u00fcr Fremde zug\u00e4ngliche Moschee, die K\u00f6nig-Abdullah-Moschee,<\/p>\n<p><a href=\"http:\/\/www.alteisenaufreisen.de\/?attachment_id=2887\" rel=\"attachment wp-att-2887\"><img decoding=\"async\" data-attachment-id=\"2887\" data-permalink=\"http:\/\/www.alteisenaufreisen.de\/?attachment_id=2887\" data-orig-file=\"http:\/\/www.alteisenaufreisen.de\/wp-content\/uploads\/101-Jordanien.jpg\" data-orig-size=\"800,533\" data-comments-opened=\"1\" data-image-meta=\"{&quot;aperture&quot;:&quot;11&quot;,&quot;credit&quot;:&quot;Paul Kage&quot;,&quot;camera&quot;:&quot;Canon EOS 6D&quot;,&quot;caption&quot;:&quot;&quot;,&quot;created_timestamp&quot;:&quot;1388396206&quot;,&quot;copyright&quot;:&quot;alteisenaufreisen&quot;,&quot;focal_length&quot;:&quot;24&quot;,&quot;iso&quot;:&quot;100&quot;,&quot;shutter_speed&quot;:&quot;0.003125&quot;,&quot;title&quot;:&quot;&quot;}\" data-image-title=\"K\u00f6nig-Abdullah-Moschee\" data-image-description=\"\" data-image-caption=\"\" data-large-file=\"http:\/\/www.alteisenaufreisen.de\/wp-content\/uploads\/101-Jordanien-494x329.jpg\" class=\"aligncenter size-full wp-image-2887\" src=\"http:\/\/www.alteisenaufreisen.de\/wp-content\/uploads\/101-Jordanien.jpg\" alt=\"K\u00f6nig-Abdullah-Moschee\" width=\"800\" height=\"533\" srcset=\"http:\/\/www.alteisenaufreisen.de\/wp-content\/uploads\/101-Jordanien.jpg 800w, http:\/\/www.alteisenaufreisen.de\/wp-content\/uploads\/101-Jordanien-188x125.jpg 188w, http:\/\/www.alteisenaufreisen.de\/wp-content\/uploads\/101-Jordanien-494x329.jpg 494w\" sizes=\"(max-width: 767px) 89vw, (max-width: 1000px) 54vw, (max-width: 1071px) 543px, 580px\" \/><\/a><\/p>\n<p>in deren Nachbarschaft sich eine fast gleich gro\u00dfe griechisch-orthodoxe und eine r\u00f6misch-katholische Kirche befinden.<\/p>\n<p><a href=\"http:\/\/www.alteisenaufreisen.de\/?attachment_id=2886\" rel=\"attachment wp-att-2886\"><img decoding=\"async\" data-attachment-id=\"2886\" data-permalink=\"http:\/\/www.alteisenaufreisen.de\/?attachment_id=2886\" data-orig-file=\"http:\/\/www.alteisenaufreisen.de\/wp-content\/uploads\/100-Jordanien.jpg\" data-orig-size=\"800,533\" data-comments-opened=\"1\" data-image-meta=\"{&quot;aperture&quot;:&quot;10&quot;,&quot;credit&quot;:&quot;Paul Kage&quot;,&quot;camera&quot;:&quot;Canon EOS 6D&quot;,&quot;caption&quot;:&quot;&quot;,&quot;created_timestamp&quot;:&quot;1388396080&quot;,&quot;copyright&quot;:&quot;alteisenaufreisen&quot;,&quot;focal_length&quot;:&quot;32&quot;,&quot;iso&quot;:&quot;100&quot;,&quot;shutter_speed&quot;:&quot;0.005&quot;,&quot;title&quot;:&quot;&quot;}\" data-image-title=\"Griechisch-orthodoxe Kirche \" data-image-description=\"\" data-image-caption=\"\" data-large-file=\"http:\/\/www.alteisenaufreisen.de\/wp-content\/uploads\/100-Jordanien-494x329.jpg\" class=\"aligncenter size-full wp-image-2886\" src=\"http:\/\/www.alteisenaufreisen.de\/wp-content\/uploads\/100-Jordanien.jpg\" alt=\"Griechisch-orthodoxe Kirche \" width=\"800\" height=\"533\" srcset=\"http:\/\/www.alteisenaufreisen.de\/wp-content\/uploads\/100-Jordanien.jpg 800w, http:\/\/www.alteisenaufreisen.de\/wp-content\/uploads\/100-Jordanien-188x125.jpg 188w, http:\/\/www.alteisenaufreisen.de\/wp-content\/uploads\/100-Jordanien-494x329.jpg 494w\" sizes=\"(max-width: 767px) 89vw, (max-width: 1000px) 54vw, (max-width: 1071px) 543px, 580px\" \/><\/a><\/p>\n<p>Mit dem Bus fahren wir dann auf der Stra\u00dfe in Richtung Bagdad, um einige der sagenhaften &#8218;W\u00fcstenschl\u00f6sser&#8216; zu besichtigen. Zuerst steht die Festung <strong>Qasr al-Azraq<\/strong> auf der Liste.<\/p>\n<p><a href=\"http:\/\/www.alteisenaufreisen.de\/?attachment_id=2833\" rel=\"attachment wp-att-2833\"><img decoding=\"async\" data-attachment-id=\"2833\" data-permalink=\"http:\/\/www.alteisenaufreisen.de\/?attachment_id=2833\" data-orig-file=\"http:\/\/www.alteisenaufreisen.de\/wp-content\/uploads\/06-Qasr-al-Azraq.jpg\" data-orig-size=\"800,536\" data-comments-opened=\"1\" data-image-meta=\"{&quot;aperture&quot;:&quot;6.3&quot;,&quot;credit&quot;:&quot;&quot;,&quot;camera&quot;:&quot;NIKON 1 V1&quot;,&quot;caption&quot;:&quot;&quot;,&quot;created_timestamp&quot;:&quot;1388414252&quot;,&quot;copyright&quot;:&quot;&quot;,&quot;focal_length&quot;:&quot;13.1&quot;,&quot;iso&quot;:&quot;100&quot;,&quot;shutter_speed&quot;:&quot;0.0015625&quot;,&quot;title&quot;:&quot;&quot;}\" data-image-title=\"06 Qasr al-Azraq\" data-image-description=\"\" data-image-caption=\"\" data-large-file=\"http:\/\/www.alteisenaufreisen.de\/wp-content\/uploads\/06-Qasr-al-Azraq-494x330.jpg\" class=\"aligncenter size-full wp-image-2833\" src=\"http:\/\/www.alteisenaufreisen.de\/wp-content\/uploads\/06-Qasr-al-Azraq.jpg\" alt=\"06 Qasr al-Azraq\" width=\"800\" height=\"536\" srcset=\"http:\/\/www.alteisenaufreisen.de\/wp-content\/uploads\/06-Qasr-al-Azraq.jpg 800w, http:\/\/www.alteisenaufreisen.de\/wp-content\/uploads\/06-Qasr-al-Azraq-188x125.jpg 188w, http:\/\/www.alteisenaufreisen.de\/wp-content\/uploads\/06-Qasr-al-Azraq-494x330.jpg 494w\" sizes=\"(max-width: 767px) 89vw, (max-width: 1000px) 54vw, (max-width: 1071px) 543px, 580px\" \/><\/a><\/p>\n<p>Sie liegt in der gleichnamigen Oase, ca. 100 km \u00f6stlich von Amman. Seine Grundfeste gehen auf die Nabat\u00e4er und die R\u00f6mer (ca. 300 n.Chr.) zur\u00fcck. Seine Besonderheit ist der schwarze Basalt, aus dem die etwa 80m x 80m gro\u00dfe Anlage gebaut ist. Besonders fallen uns die granitenen T\u00fcren auf, die sich dank guter Schmierung immer noch in den Angeln drehen.<\/p>\n<p><a href=\"http:\/\/www.alteisenaufreisen.de\/?attachment_id=2834\" rel=\"attachment wp-att-2834\"><img decoding=\"async\" data-attachment-id=\"2834\" data-permalink=\"http:\/\/www.alteisenaufreisen.de\/?attachment_id=2834\" data-orig-file=\"http:\/\/www.alteisenaufreisen.de\/wp-content\/uploads\/07-Qasr-al-Azraq.jpg\" data-orig-size=\"800,533\" data-comments-opened=\"1\" data-image-meta=\"{&quot;aperture&quot;:&quot;4&quot;,&quot;credit&quot;:&quot;Paul Kage&quot;,&quot;camera&quot;:&quot;Canon EOS 6D&quot;,&quot;caption&quot;:&quot;&quot;,&quot;created_timestamp&quot;:&quot;1388415468&quot;,&quot;copyright&quot;:&quot;alteisenaufreisen&quot;,&quot;focal_length&quot;:&quot;24&quot;,&quot;iso&quot;:&quot;400&quot;,&quot;shutter_speed&quot;:&quot;0.033333333333333&quot;,&quot;title&quot;:&quot;&quot;}\" data-image-title=\"07 Qasr al-Azraq\" data-image-description=\"\" data-image-caption=\"\" data-large-file=\"http:\/\/www.alteisenaufreisen.de\/wp-content\/uploads\/07-Qasr-al-Azraq-494x329.jpg\" class=\"aligncenter size-full wp-image-2834\" src=\"http:\/\/www.alteisenaufreisen.de\/wp-content\/uploads\/07-Qasr-al-Azraq.jpg\" alt=\"07 Qasr al-Azraq\" width=\"800\" height=\"533\" srcset=\"http:\/\/www.alteisenaufreisen.de\/wp-content\/uploads\/07-Qasr-al-Azraq.jpg 800w, http:\/\/www.alteisenaufreisen.de\/wp-content\/uploads\/07-Qasr-al-Azraq-188x125.jpg 188w, http:\/\/www.alteisenaufreisen.de\/wp-content\/uploads\/07-Qasr-al-Azraq-494x329.jpg 494w\" sizes=\"(max-width: 767px) 89vw, (max-width: 1000px) 54vw, (max-width: 1071px) 543px, 580px\" \/><\/a><\/p>\n<p>Beeindruckend sind auch die Geschichten \u00fcber Lawrence von Arabien, der 1917 hier sein Lager aufgeschlagen hatte, bevor er in den Kampf gegen die Osmanen zog.<\/p>\n<p><a href=\"http:\/\/www.alteisenaufreisen.de\/?attachment_id=2835\" rel=\"attachment wp-att-2835\"><img decoding=\"async\" data-attachment-id=\"2835\" data-permalink=\"http:\/\/www.alteisenaufreisen.de\/?attachment_id=2835\" data-orig-file=\"http:\/\/www.alteisenaufreisen.de\/wp-content\/uploads\/08-Qasr-al-Azraq.jpg\" data-orig-size=\"800,533\" data-comments-opened=\"1\" data-image-meta=\"{&quot;aperture&quot;:&quot;5.6&quot;,&quot;credit&quot;:&quot;Paul Kage&quot;,&quot;camera&quot;:&quot;Canon EOS 6D&quot;,&quot;caption&quot;:&quot;&quot;,&quot;created_timestamp&quot;:&quot;1388415610&quot;,&quot;copyright&quot;:&quot;alteisenaufreisen&quot;,&quot;focal_length&quot;:&quot;50&quot;,&quot;iso&quot;:&quot;100&quot;,&quot;shutter_speed&quot;:&quot;0.0125&quot;,&quot;title&quot;:&quot;&quot;}\" data-image-title=\"08 Qasr al-Azraq\" data-image-description=\"\" data-image-caption=\"\" data-large-file=\"http:\/\/www.alteisenaufreisen.de\/wp-content\/uploads\/08-Qasr-al-Azraq-494x329.jpg\" class=\"aligncenter size-full wp-image-2835\" src=\"http:\/\/www.alteisenaufreisen.de\/wp-content\/uploads\/08-Qasr-al-Azraq.jpg\" alt=\"08 Qasr al-Azraq\" width=\"800\" height=\"533\" srcset=\"http:\/\/www.alteisenaufreisen.de\/wp-content\/uploads\/08-Qasr-al-Azraq.jpg 800w, http:\/\/www.alteisenaufreisen.de\/wp-content\/uploads\/08-Qasr-al-Azraq-188x125.jpg 188w, http:\/\/www.alteisenaufreisen.de\/wp-content\/uploads\/08-Qasr-al-Azraq-494x329.jpg 494w\" sizes=\"(max-width: 767px) 89vw, (max-width: 1000px) 54vw, (max-width: 1071px) 543px, 580px\" \/><\/a><\/p>\n<p>Auf der s\u00fcdlich von unserer Anfahrtsroute gelegenen Stra\u00dfe zur\u00fcck nach Amman halten wir buchst\u00e4blich im Nirgendwo. Etwas abseits der Stra\u00dfe liegt ein kleines Geb\u00e4ude, das uns als ein weiteres der sagenhaften W\u00fcstenschl\u00f6sser <strong>Quasair &#8218;Amra<\/strong> vorgestellt wird.<\/p>\n<p><a href=\"http:\/\/www.alteisenaufreisen.de\/?attachment_id=2837\" rel=\"attachment wp-att-2837\"><img decoding=\"async\" data-attachment-id=\"2837\" data-permalink=\"http:\/\/www.alteisenaufreisen.de\/?attachment_id=2837\" data-orig-file=\"http:\/\/www.alteisenaufreisen.de\/wp-content\/uploads\/10-Quasair-Amra.jpg\" data-orig-size=\"800,533\" data-comments-opened=\"1\" data-image-meta=\"{&quot;aperture&quot;:&quot;5&quot;,&quot;credit&quot;:&quot;Paul Kage&quot;,&quot;camera&quot;:&quot;Canon EOS 6D&quot;,&quot;caption&quot;:&quot;&quot;,&quot;created_timestamp&quot;:&quot;1388419206&quot;,&quot;copyright&quot;:&quot;alteisenaufreisen&quot;,&quot;focal_length&quot;:&quot;24&quot;,&quot;iso&quot;:&quot;100&quot;,&quot;shutter_speed&quot;:&quot;0.02&quot;,&quot;title&quot;:&quot;&quot;}\" data-image-title=\"10 Quasair &amp;#8218;Amra\" data-image-description=\"\" data-image-caption=\"\" data-large-file=\"http:\/\/www.alteisenaufreisen.de\/wp-content\/uploads\/10-Quasair-Amra-494x329.jpg\" class=\"aligncenter size-full wp-image-2837\" src=\"http:\/\/www.alteisenaufreisen.de\/wp-content\/uploads\/10-Quasair-Amra.jpg\" alt=\"10 Quasair 'Amra\" width=\"800\" height=\"533\" srcset=\"http:\/\/www.alteisenaufreisen.de\/wp-content\/uploads\/10-Quasair-Amra.jpg 800w, http:\/\/www.alteisenaufreisen.de\/wp-content\/uploads\/10-Quasair-Amra-188x125.jpg 188w, http:\/\/www.alteisenaufreisen.de\/wp-content\/uploads\/10-Quasair-Amra-494x329.jpg 494w\" sizes=\"(max-width: 767px) 89vw, (max-width: 1000px) 54vw, (max-width: 1071px) 543px, 580px\" \/><\/a><\/p>\n<p>Tats\u00e4chlich entpuppt sich das Schl\u00f6sschen als Kleinod orientalischer Kunst. Es wurde, so belegen Inschriften im 8. Jhdt. n.Chr. gebaut und enth\u00e4lt wunderbare&nbsp; Wandmalereien &#8211; echte Fresken.<\/p>\n<p><a href=\"http:\/\/www.alteisenaufreisen.de\/?attachment_id=2836\" rel=\"attachment wp-att-2836\"><img decoding=\"async\" data-attachment-id=\"2836\" data-permalink=\"http:\/\/www.alteisenaufreisen.de\/?attachment_id=2836\" data-orig-file=\"http:\/\/www.alteisenaufreisen.de\/wp-content\/uploads\/09-Quasair-Amra.jpg\" data-orig-size=\"800,533\" data-comments-opened=\"1\" data-image-meta=\"{&quot;aperture&quot;:&quot;4&quot;,&quot;credit&quot;:&quot;Paul Kage&quot;,&quot;camera&quot;:&quot;Canon EOS 6D&quot;,&quot;caption&quot;:&quot;&quot;,&quot;created_timestamp&quot;:&quot;1388418474&quot;,&quot;copyright&quot;:&quot;alteisenaufreisen&quot;,&quot;focal_length&quot;:&quot;24&quot;,&quot;iso&quot;:&quot;6400&quot;,&quot;shutter_speed&quot;:&quot;0.025&quot;,&quot;title&quot;:&quot;&quot;}\" data-image-title=\"09 Quasair &amp;#8218;Amra\" data-image-description=\"\" data-image-caption=\"\" data-large-file=\"http:\/\/www.alteisenaufreisen.de\/wp-content\/uploads\/09-Quasair-Amra-494x329.jpg\" class=\"aligncenter size-full wp-image-2836\" src=\"http:\/\/www.alteisenaufreisen.de\/wp-content\/uploads\/09-Quasair-Amra.jpg\" alt=\"09 Quasair 'Amra\" width=\"800\" height=\"533\" srcset=\"http:\/\/www.alteisenaufreisen.de\/wp-content\/uploads\/09-Quasair-Amra.jpg 800w, http:\/\/www.alteisenaufreisen.de\/wp-content\/uploads\/09-Quasair-Amra-188x125.jpg 188w, http:\/\/www.alteisenaufreisen.de\/wp-content\/uploads\/09-Quasair-Amra-494x329.jpg 494w\" sizes=\"(max-width: 767px) 89vw, (max-width: 1000px) 54vw, (max-width: 1071px) 543px, 580px\" \/><\/a><\/p>\n<p>Dies ist die Voraussetzung daf\u00fcr, dass wir heute die Gem\u00e4lde noch bestaunen k\u00f6nnen, denn aufgetragene Wandmalerei w\u00e4re l\u00e4ngst verschwunden, da das Haus (Jagd-)Schloss und Badehaus zugleich war. Das Geb\u00e4ude geh\u00f6rt seit 1985 zum <a href=\"http:\/\/de.wikipedia.org\/wiki\/Liste_des_UNESCO-Welterbes_%28Asien_und_Ozeanien%29\">Weltkulturerbe der UNESCO<\/a>.<\/p>\n<p>&nbsp;<\/p>\n<p>Unser letztes W\u00fcstenschloss liegt ein paar Kilometer weiter in Richtung Amman. <strong>Qasr al-Kharaneh<\/strong> nennt sich die alleine auf einer Anh\u00f6he stehende praktisch quadratische Festung. Bei ihrem Anblick kommt uns das Castel del Monte in Apulien\/S\u00fcditalien in den Sinn.<\/p>\n<p><a href=\"http:\/\/www.alteisenaufreisen.de\/?attachment_id=2838\" rel=\"attachment wp-att-2838\"><img decoding=\"async\" data-attachment-id=\"2838\" data-permalink=\"http:\/\/www.alteisenaufreisen.de\/?attachment_id=2838\" data-orig-file=\"http:\/\/www.alteisenaufreisen.de\/wp-content\/uploads\/11-Qasr-a-Khareneh.jpg\" data-orig-size=\"800,533\" data-comments-opened=\"1\" data-image-meta=\"{&quot;aperture&quot;:&quot;4&quot;,&quot;credit&quot;:&quot;Paul Kage&quot;,&quot;camera&quot;:&quot;Canon EOS 6D&quot;,&quot;caption&quot;:&quot;&quot;,&quot;created_timestamp&quot;:&quot;1388420793&quot;,&quot;copyright&quot;:&quot;alteisenaufreisen&quot;,&quot;focal_length&quot;:&quot;40&quot;,&quot;iso&quot;:&quot;200&quot;,&quot;shutter_speed&quot;:&quot;0.033333333333333&quot;,&quot;title&quot;:&quot;&quot;}\" data-image-title=\"11 Qasr a-Khareneh\" data-image-description=\"\" data-image-caption=\"\" data-large-file=\"http:\/\/www.alteisenaufreisen.de\/wp-content\/uploads\/11-Qasr-a-Khareneh-494x329.jpg\" class=\"aligncenter size-full wp-image-2838\" src=\"http:\/\/www.alteisenaufreisen.de\/wp-content\/uploads\/11-Qasr-a-Khareneh.jpg\" alt=\"11 Qasr a-Khareneh\" width=\"800\" height=\"533\" srcset=\"http:\/\/www.alteisenaufreisen.de\/wp-content\/uploads\/11-Qasr-a-Khareneh.jpg 800w, http:\/\/www.alteisenaufreisen.de\/wp-content\/uploads\/11-Qasr-a-Khareneh-188x125.jpg 188w, http:\/\/www.alteisenaufreisen.de\/wp-content\/uploads\/11-Qasr-a-Khareneh-494x329.jpg 494w\" sizes=\"(max-width: 767px) 89vw, (max-width: 1000px) 54vw, (max-width: 1071px) 543px, 580px\" \/><\/a><\/p>\n<p>Nat\u00fcrlich ist es kleiner als die Burg von Friedrich II, sie strahlt aber auch diese Unnahbarkeit aus und ist noch ein paar hundert Jahre \u00e4lter (ca. 8 Jhdt.). Ein Klotz mitten in der Landschaft, der haupts\u00e4chlich als Karawanserei genutzt wurde.<\/p>\n<p>&nbsp;<\/p>\n<p>Zur\u00fcck in Amman nehmen wir die Fahrt nach Norden in Angriff. Unser Ziel ist die Stadt <strong>Gadara<\/strong> oder <strong>Umm Qais<\/strong>. Es handelt sich um eine Ausgrabungsst\u00e4tte einer Siedlung aus vorchristlicher Zeit.<\/p>\n<p><a href=\"http:\/\/www.alteisenaufreisen.de\/?attachment_id=2841\" rel=\"attachment wp-att-2841\"><img decoding=\"async\" data-attachment-id=\"2841\" data-permalink=\"http:\/\/www.alteisenaufreisen.de\/?attachment_id=2841\" data-orig-file=\"http:\/\/www.alteisenaufreisen.de\/wp-content\/uploads\/14-Garada.jpg\" data-orig-size=\"800,533\" data-comments-opened=\"1\" data-image-meta=\"{&quot;aperture&quot;:&quot;9&quot;,&quot;credit&quot;:&quot;Paul Kage&quot;,&quot;camera&quot;:&quot;Canon EOS 6D&quot;,&quot;caption&quot;:&quot;&quot;,&quot;created_timestamp&quot;:&quot;1388484308&quot;,&quot;copyright&quot;:&quot;alteisenaufreisen&quot;,&quot;focal_length&quot;:&quot;32&quot;,&quot;iso&quot;:&quot;100&quot;,&quot;shutter_speed&quot;:&quot;0.005&quot;,&quot;title&quot;:&quot;&quot;}\" data-image-title=\"14 Garada\" data-image-description=\"\" data-image-caption=\"\" data-large-file=\"http:\/\/www.alteisenaufreisen.de\/wp-content\/uploads\/14-Garada-494x329.jpg\" class=\"aligncenter size-full wp-image-2841\" src=\"http:\/\/www.alteisenaufreisen.de\/wp-content\/uploads\/14-Garada.jpg\" alt=\"14 Garada\" width=\"800\" height=\"533\" srcset=\"http:\/\/www.alteisenaufreisen.de\/wp-content\/uploads\/14-Garada.jpg 800w, http:\/\/www.alteisenaufreisen.de\/wp-content\/uploads\/14-Garada-188x125.jpg 188w, http:\/\/www.alteisenaufreisen.de\/wp-content\/uploads\/14-Garada-494x329.jpg 494w\" sizes=\"(max-width: 767px) 89vw, (max-width: 1000px) 54vw, (max-width: 1071px) 543px, 580px\" \/><\/a><\/p>\n<p>Sie liegt an der heutigen Grenze zu Israel und etwa 10 km vom S\u00fcdufer des See Genezareth entfernt.<\/p>\n<p><a href=\"http:\/\/www.alteisenaufreisen.de\/?attachment_id=2842\" rel=\"attachment wp-att-2842\"><img decoding=\"async\" data-attachment-id=\"2842\" data-permalink=\"http:\/\/www.alteisenaufreisen.de\/?attachment_id=2842\" data-orig-file=\"http:\/\/www.alteisenaufreisen.de\/wp-content\/uploads\/15-Garada-See-Genezareth.jpg\" data-orig-size=\"800,533\" data-comments-opened=\"1\" data-image-meta=\"{&quot;aperture&quot;:&quot;4&quot;,&quot;credit&quot;:&quot;Paul Kage&quot;,&quot;camera&quot;:&quot;Canon EOS 6D&quot;,&quot;caption&quot;:&quot;&quot;,&quot;created_timestamp&quot;:&quot;1388487541&quot;,&quot;copyright&quot;:&quot;alteisenaufreisen&quot;,&quot;focal_length&quot;:&quot;50&quot;,&quot;iso&quot;:&quot;100&quot;,&quot;shutter_speed&quot;:&quot;0.0015625&quot;,&quot;title&quot;:&quot;&quot;}\" data-image-title=\"15 Garada-See Genezareth\" data-image-description=\"\" data-image-caption=\"\" data-large-file=\"http:\/\/www.alteisenaufreisen.de\/wp-content\/uploads\/15-Garada-See-Genezareth-494x329.jpg\" class=\"aligncenter size-full wp-image-2842\" src=\"http:\/\/www.alteisenaufreisen.de\/wp-content\/uploads\/15-Garada-See-Genezareth.jpg\" alt=\"15 Garada-See Genezareth\" width=\"800\" height=\"533\" srcset=\"http:\/\/www.alteisenaufreisen.de\/wp-content\/uploads\/15-Garada-See-Genezareth.jpg 800w, http:\/\/www.alteisenaufreisen.de\/wp-content\/uploads\/15-Garada-See-Genezareth-188x125.jpg 188w, http:\/\/www.alteisenaufreisen.de\/wp-content\/uploads\/15-Garada-See-Genezareth-494x329.jpg 494w\" sizes=\"(max-width: 767px) 89vw, (max-width: 1000px) 54vw, (max-width: 1071px) 543px, 580px\" \/><\/a><\/p>\n<p>Die Stadt hatte ihre Bl\u00fcte in der hellenistischen und r\u00f6mischen Zeit. Sie wurde im 7. und 8. Jhdt. von Erdbeben zerst\u00f6rt, trotzdem bis ins 13. Jhdt. bewohnt. Danach verlieren sich die Spuren. Wiederentdeckt haben sie deutsche Arch\u00e4ologen erst 1974 und danach freigelegt, was wir heute bestaunen k\u00f6nnen. \u00c4hnlich wie in al-Azraq sind auch hier die Geb\u00e4ude aus schwarzem Basalt. Faszinierend, wenn sich schwarze S\u00e4ulen statt wie gewohnt marmorwei\u00dfe in den Himmel strecken.<\/p>\n<p><a href=\"http:\/\/www.alteisenaufreisen.de\/?attachment_id=2840\" rel=\"attachment wp-att-2840\"><img decoding=\"async\" data-attachment-id=\"2840\" data-permalink=\"http:\/\/www.alteisenaufreisen.de\/?attachment_id=2840\" data-orig-file=\"http:\/\/www.alteisenaufreisen.de\/wp-content\/uploads\/13-Garada.jpg\" data-orig-size=\"800,533\" data-comments-opened=\"1\" data-image-meta=\"{&quot;aperture&quot;:&quot;9&quot;,&quot;credit&quot;:&quot;Paul Kage&quot;,&quot;camera&quot;:&quot;Canon EOS 6D&quot;,&quot;caption&quot;:&quot;&quot;,&quot;created_timestamp&quot;:&quot;1388484164&quot;,&quot;copyright&quot;:&quot;alteisenaufreisen&quot;,&quot;focal_length&quot;:&quot;35&quot;,&quot;iso&quot;:&quot;100&quot;,&quot;shutter_speed&quot;:&quot;0.005&quot;,&quot;title&quot;:&quot;&quot;}\" data-image-title=\"13 Garada\" data-image-description=\"\" data-image-caption=\"\" data-large-file=\"http:\/\/www.alteisenaufreisen.de\/wp-content\/uploads\/13-Garada-494x329.jpg\" class=\"aligncenter size-full wp-image-2840\" src=\"http:\/\/www.alteisenaufreisen.de\/wp-content\/uploads\/13-Garada.jpg\" alt=\"13 Garada\" width=\"800\" height=\"533\" srcset=\"http:\/\/www.alteisenaufreisen.de\/wp-content\/uploads\/13-Garada.jpg 800w, http:\/\/www.alteisenaufreisen.de\/wp-content\/uploads\/13-Garada-188x125.jpg 188w, http:\/\/www.alteisenaufreisen.de\/wp-content\/uploads\/13-Garada-494x329.jpg 494w\" sizes=\"(max-width: 767px) 89vw, (max-width: 1000px) 54vw, (max-width: 1071px) 543px, 580px\" \/><\/a><\/p>\n<p>Gadara geh\u00f6rte ebenso, wie unsere n\u00e4chste Stadt, zur Dekapolis, einem losen Zusammenschluss von 10 hellenistischen St\u00e4dten \u00f6stlich des Jordan.<\/p>\n<p>Diese n\u00e4chste Stadt liegt auf unserem R\u00fcckweg nach Amman. Sie hie\u00df <strong>Gerasa<\/strong>, <strong>heute<\/strong> tr\u00e4gt sie den Namen<strong> Jerash<\/strong> und besitzt mit der alten hellenistisch-r\u00f6mischen Ruinenstadt ein weiteres arch\u00e4ologisches Kleinod.<\/p>\n<p><a href=\"http:\/\/www.alteisenaufreisen.de\/?attachment_id=2843\" rel=\"attachment wp-att-2843\"><img decoding=\"async\" data-attachment-id=\"2843\" data-permalink=\"http:\/\/www.alteisenaufreisen.de\/?attachment_id=2843\" data-orig-file=\"http:\/\/www.alteisenaufreisen.de\/wp-content\/uploads\/16-Gerasa.jpg\" data-orig-size=\"800,533\" data-comments-opened=\"1\" data-image-meta=\"{&quot;aperture&quot;:&quot;7.1&quot;,&quot;credit&quot;:&quot;Paul Kage&quot;,&quot;camera&quot;:&quot;Canon EOS 6D&quot;,&quot;caption&quot;:&quot;&quot;,&quot;created_timestamp&quot;:&quot;1388499427&quot;,&quot;copyright&quot;:&quot;alteisenaufreisen&quot;,&quot;focal_length&quot;:&quot;32&quot;,&quot;iso&quot;:&quot;100&quot;,&quot;shutter_speed&quot;:&quot;0.01&quot;,&quot;title&quot;:&quot;&quot;}\" data-image-title=\"16 Gerasa\" data-image-description=\"\" data-image-caption=\"\" data-large-file=\"http:\/\/www.alteisenaufreisen.de\/wp-content\/uploads\/16-Gerasa-494x329.jpg\" class=\"aligncenter size-full wp-image-2843\" src=\"http:\/\/www.alteisenaufreisen.de\/wp-content\/uploads\/16-Gerasa.jpg\" alt=\"16 Gerasa\" width=\"800\" height=\"533\" srcset=\"http:\/\/www.alteisenaufreisen.de\/wp-content\/uploads\/16-Gerasa.jpg 800w, http:\/\/www.alteisenaufreisen.de\/wp-content\/uploads\/16-Gerasa-188x125.jpg 188w, http:\/\/www.alteisenaufreisen.de\/wp-content\/uploads\/16-Gerasa-494x329.jpg 494w\" sizes=\"(max-width: 767px) 89vw, (max-width: 1000px) 54vw, (max-width: 1071px) 543px, 580px\" \/><\/a><\/p>\n<p>Das Gel\u00e4nde liegt mitten in der modernen Siedlung im Talgrund und hat eine stattliche Ausdehnung. Es ist mehr als 2 km lang und streckt sich \u00fcber mehr als einen Kilometer den Hang hinauf.<\/p>\n<p><a href=\"http:\/\/www.alteisenaufreisen.de\/?attachment_id=2844\" rel=\"attachment wp-att-2844\"><img decoding=\"async\" data-attachment-id=\"2844\" data-permalink=\"http:\/\/www.alteisenaufreisen.de\/?attachment_id=2844\" data-orig-file=\"http:\/\/www.alteisenaufreisen.de\/wp-content\/uploads\/17-Gerasa.jpg\" data-orig-size=\"800,533\" data-comments-opened=\"1\" data-image-meta=\"{&quot;aperture&quot;:&quot;7.1&quot;,&quot;credit&quot;:&quot;Paul Kage&quot;,&quot;camera&quot;:&quot;Canon EOS 6D&quot;,&quot;caption&quot;:&quot;&quot;,&quot;created_timestamp&quot;:&quot;1388500444&quot;,&quot;copyright&quot;:&quot;alteisenaufreisen&quot;,&quot;focal_length&quot;:&quot;24&quot;,&quot;iso&quot;:&quot;100&quot;,&quot;shutter_speed&quot;:&quot;0.01&quot;,&quot;title&quot;:&quot;&quot;}\" data-image-title=\"17 Gerasa\" data-image-description=\"\" data-image-caption=\"\" data-large-file=\"http:\/\/www.alteisenaufreisen.de\/wp-content\/uploads\/17-Gerasa-494x329.jpg\" class=\"aligncenter size-full wp-image-2844\" src=\"http:\/\/www.alteisenaufreisen.de\/wp-content\/uploads\/17-Gerasa.jpg\" alt=\"17 Gerasa\" width=\"800\" height=\"533\" srcset=\"http:\/\/www.alteisenaufreisen.de\/wp-content\/uploads\/17-Gerasa.jpg 800w, http:\/\/www.alteisenaufreisen.de\/wp-content\/uploads\/17-Gerasa-188x125.jpg 188w, http:\/\/www.alteisenaufreisen.de\/wp-content\/uploads\/17-Gerasa-494x329.jpg 494w\" sizes=\"(max-width: 767px) 89vw, (max-width: 1000px) 54vw, (max-width: 1071px) 543px, 580px\" \/><\/a><\/p>\n<p>Die Ausgrabungen brachten einen der sch\u00f6nsten Stadtpl\u00e4tze, das Ovale Forum zu Tage.<\/p>\n<p><a href=\"http:\/\/www.alteisenaufreisen.de\/?attachment_id=2845\" rel=\"attachment wp-att-2845\"><img decoding=\"async\" data-attachment-id=\"2845\" data-permalink=\"http:\/\/www.alteisenaufreisen.de\/?attachment_id=2845\" data-orig-file=\"http:\/\/www.alteisenaufreisen.de\/wp-content\/uploads\/18-Gerasa-Forum.jpg\" data-orig-size=\"800,533\" data-comments-opened=\"1\" data-image-meta=\"{&quot;aperture&quot;:&quot;6.3&quot;,&quot;credit&quot;:&quot;Paul Kage&quot;,&quot;camera&quot;:&quot;Canon EOS 6D&quot;,&quot;caption&quot;:&quot;&quot;,&quot;created_timestamp&quot;:&quot;1388500969&quot;,&quot;copyright&quot;:&quot;alteisenaufreisen&quot;,&quot;focal_length&quot;:&quot;24&quot;,&quot;iso&quot;:&quot;100&quot;,&quot;shutter_speed&quot;:&quot;0.0125&quot;,&quot;title&quot;:&quot;&quot;}\" data-image-title=\"18 Gerasa-Forum\" data-image-description=\"\" data-image-caption=\"\" data-large-file=\"http:\/\/www.alteisenaufreisen.de\/wp-content\/uploads\/18-Gerasa-Forum-494x329.jpg\" class=\"aligncenter size-full wp-image-2845\" src=\"http:\/\/www.alteisenaufreisen.de\/wp-content\/uploads\/18-Gerasa-Forum.jpg\" alt=\"18 Gerasa-Forum\" width=\"800\" height=\"533\" srcset=\"http:\/\/www.alteisenaufreisen.de\/wp-content\/uploads\/18-Gerasa-Forum.jpg 800w, http:\/\/www.alteisenaufreisen.de\/wp-content\/uploads\/18-Gerasa-Forum-188x125.jpg 188w, http:\/\/www.alteisenaufreisen.de\/wp-content\/uploads\/18-Gerasa-Forum-494x329.jpg 494w\" sizes=\"(max-width: 767px) 89vw, (max-width: 1000px) 54vw, (max-width: 1071px) 543px, 580px\" \/><\/a><\/p>\n<p>Eingerahmt von S\u00e4ulen wird er von einem Jupiter Tempel \u00fcberragt. Zwischen diesem Platz und dem gegen\u00fcber liegenden Stadttor f\u00fchrt eine fast einen Kilometer lange, gepflasterte Stra\u00dfe, an der sich nacheinander die Tempel und Heiligt\u00fcmer der alten Griechen und R\u00f6mer aufreihen.<\/p>\n<p><a href=\"http:\/\/www.alteisenaufreisen.de\/?attachment_id=2847\" rel=\"attachment wp-att-2847\"><img decoding=\"async\" data-attachment-id=\"2847\" data-permalink=\"http:\/\/www.alteisenaufreisen.de\/?attachment_id=2847\" data-orig-file=\"http:\/\/www.alteisenaufreisen.de\/wp-content\/uploads\/20-Gerasa-Artemistempel.jpg\" data-orig-size=\"800,533\" data-comments-opened=\"1\" data-image-meta=\"{&quot;aperture&quot;:&quot;6.3&quot;,&quot;credit&quot;:&quot;Paul Kage&quot;,&quot;camera&quot;:&quot;Canon EOS 6D&quot;,&quot;caption&quot;:&quot;&quot;,&quot;created_timestamp&quot;:&quot;1388505627&quot;,&quot;copyright&quot;:&quot;alteisenaufreisen&quot;,&quot;focal_length&quot;:&quot;24&quot;,&quot;iso&quot;:&quot;100&quot;,&quot;shutter_speed&quot;:&quot;0.0125&quot;,&quot;title&quot;:&quot;&quot;}\" data-image-title=\"20 Gerasa-Artemistempel\" data-image-description=\"\" data-image-caption=\"\" data-large-file=\"http:\/\/www.alteisenaufreisen.de\/wp-content\/uploads\/20-Gerasa-Artemistempel-494x329.jpg\" class=\"aligncenter size-full wp-image-2847\" src=\"http:\/\/www.alteisenaufreisen.de\/wp-content\/uploads\/20-Gerasa-Artemistempel.jpg\" alt=\"20 Gerasa-Artemistempel\" width=\"800\" height=\"533\" srcset=\"http:\/\/www.alteisenaufreisen.de\/wp-content\/uploads\/20-Gerasa-Artemistempel.jpg 800w, http:\/\/www.alteisenaufreisen.de\/wp-content\/uploads\/20-Gerasa-Artemistempel-188x125.jpg 188w, http:\/\/www.alteisenaufreisen.de\/wp-content\/uploads\/20-Gerasa-Artemistempel-494x329.jpg 494w\" sizes=\"(max-width: 767px) 89vw, (max-width: 1000px) 54vw, (max-width: 1071px) 543px, 580px\" \/><\/a><\/p>\n<p>Im hinter dem Jupiter Tempel gelegenen Theater finden 5.000 Zuschauer Platz &#8211; ganz sch\u00f6n gro\u00df f\u00fcr eine Stadt in der tiefsten Provinz.<\/p>\n<p><a href=\"http:\/\/www.alteisenaufreisen.de\/?attachment_id=2846\" rel=\"attachment wp-att-2846\"><img decoding=\"async\" data-attachment-id=\"2846\" data-permalink=\"http:\/\/www.alteisenaufreisen.de\/?attachment_id=2846\" data-orig-file=\"http:\/\/www.alteisenaufreisen.de\/wp-content\/uploads\/19-Gerasa-Theater.jpg\" data-orig-size=\"800,533\" data-comments-opened=\"1\" data-image-meta=\"{&quot;aperture&quot;:&quot;5&quot;,&quot;credit&quot;:&quot;Paul Kage&quot;,&quot;camera&quot;:&quot;Canon EOS 6D&quot;,&quot;caption&quot;:&quot;&quot;,&quot;created_timestamp&quot;:&quot;1388504878&quot;,&quot;copyright&quot;:&quot;alteisenaufreisen&quot;,&quot;focal_length&quot;:&quot;24&quot;,&quot;iso&quot;:&quot;100&quot;,&quot;shutter_speed&quot;:&quot;0.02&quot;,&quot;title&quot;:&quot;&quot;}\" data-image-title=\"19 Gerasa-Theater\" data-image-description=\"\" data-image-caption=\"\" data-large-file=\"http:\/\/www.alteisenaufreisen.de\/wp-content\/uploads\/19-Gerasa-Theater-494x329.jpg\" class=\"aligncenter size-full wp-image-2846\" src=\"http:\/\/www.alteisenaufreisen.de\/wp-content\/uploads\/19-Gerasa-Theater.jpg\" alt=\"19 Gerasa-Theater\" width=\"800\" height=\"533\" srcset=\"http:\/\/www.alteisenaufreisen.de\/wp-content\/uploads\/19-Gerasa-Theater.jpg 800w, http:\/\/www.alteisenaufreisen.de\/wp-content\/uploads\/19-Gerasa-Theater-188x125.jpg 188w, http:\/\/www.alteisenaufreisen.de\/wp-content\/uploads\/19-Gerasa-Theater-494x329.jpg 494w\" sizes=\"(max-width: 767px) 89vw, (max-width: 1000px) 54vw, (max-width: 1071px) 543px, 580px\" \/><\/a><\/p>\n<p>Neben all den spektakul\u00e4ren Bauten gibt es eine Menge weiterer Kostbarkeiten zu sehen, die zu beschreiben w\u00e4re einfach zu lang. F\u00fcr Interessierte lohnt sich ein Besuch auf alle F\u00e4lle!<\/p>\n<p>Unsere Reise&nbsp; f\u00fchrt uns nun von Amman nach S\u00fcden. Wir folgen der <strong>K\u00f6nigsstrasse<\/strong>, eine der beiden Magistralen, die nach Aqaba f\u00fchren.<\/p>\n<p>Unser erster Halt liegt auf dem ca. 800 m hohen <strong>Berg Nebo<\/strong>. An dieser Stelle stand Moses und durfte das gelobte Land, das Jordantal mit der Stadt Jericho sehen. Wie wir wissen, durfte er aber nicht hin\u00fcberziehen , er starb an Ort und Stelle, sein Bruder Aaron \u00fcbernahm den Job.<\/p>\n<p><a href=\"http:\/\/www.alteisenaufreisen.de\/?attachment_id=2848\" rel=\"attachment wp-att-2848\"><img decoding=\"async\" data-attachment-id=\"2848\" data-permalink=\"http:\/\/www.alteisenaufreisen.de\/?attachment_id=2848\" data-orig-file=\"http:\/\/www.alteisenaufreisen.de\/wp-content\/uploads\/21-Berg-Nebo.jpg\" data-orig-size=\"800,533\" data-comments-opened=\"1\" data-image-meta=\"{&quot;aperture&quot;:&quot;11&quot;,&quot;credit&quot;:&quot;Paul Kage&quot;,&quot;camera&quot;:&quot;Canon EOS 6D&quot;,&quot;caption&quot;:&quot;&quot;,&quot;created_timestamp&quot;:&quot;1388567657&quot;,&quot;copyright&quot;:&quot;alteisenaufreisen&quot;,&quot;focal_length&quot;:&quot;65&quot;,&quot;iso&quot;:&quot;100&quot;,&quot;shutter_speed&quot;:&quot;0.008&quot;,&quot;title&quot;:&quot;&quot;}\" data-image-title=\"21 Berg Nebo\" data-image-description=\"\" data-image-caption=\"\" data-large-file=\"http:\/\/www.alteisenaufreisen.de\/wp-content\/uploads\/21-Berg-Nebo-494x329.jpg\" class=\"aligncenter size-full wp-image-2848\" src=\"http:\/\/www.alteisenaufreisen.de\/wp-content\/uploads\/21-Berg-Nebo.jpg\" alt=\"21 Berg Nebo\" width=\"800\" height=\"533\" srcset=\"http:\/\/www.alteisenaufreisen.de\/wp-content\/uploads\/21-Berg-Nebo.jpg 800w, http:\/\/www.alteisenaufreisen.de\/wp-content\/uploads\/21-Berg-Nebo-188x125.jpg 188w, http:\/\/www.alteisenaufreisen.de\/wp-content\/uploads\/21-Berg-Nebo-494x329.jpg 494w\" sizes=\"(max-width: 767px) 89vw, (max-width: 1000px) 54vw, (max-width: 1071px) 543px, 580px\" \/><\/a><\/p>\n<p>Wir d\u00fcrfen bei leicht diesigem Wetter die Aussicht ebenfalls genie\u00dfen, k\u00f6nnen aber auch wieder weiter ziehen.<\/p>\n<p>Von einer kleinen Kirche (St. Lot und Procopius), ganz in der N\u00e4he, aber mitten im Nirgendwo, legten Arch\u00e4ologen den Mosaikboden frei, er ist einen Besuch wert.<\/p>\n<p><a href=\"http:\/\/www.alteisenaufreisen.de\/?attachment_id=2849\" rel=\"attachment wp-att-2849\"><img decoding=\"async\" data-attachment-id=\"2849\" data-permalink=\"http:\/\/www.alteisenaufreisen.de\/?attachment_id=2849\" data-orig-file=\"http:\/\/www.alteisenaufreisen.de\/wp-content\/uploads\/22-St-Lot-u-Procopius.jpg\" data-orig-size=\"800,533\" data-comments-opened=\"1\" data-image-meta=\"{&quot;aperture&quot;:&quot;4&quot;,&quot;credit&quot;:&quot;Paul Kage&quot;,&quot;camera&quot;:&quot;Canon EOS 6D&quot;,&quot;caption&quot;:&quot;&quot;,&quot;created_timestamp&quot;:&quot;1388569723&quot;,&quot;copyright&quot;:&quot;alteisenaufreisen&quot;,&quot;focal_length&quot;:&quot;28&quot;,&quot;iso&quot;:&quot;800&quot;,&quot;shutter_speed&quot;:&quot;0.033333333333333&quot;,&quot;title&quot;:&quot;&quot;}\" data-image-title=\"22 St Lot u Procopius\" data-image-description=\"\" data-image-caption=\"\" data-large-file=\"http:\/\/www.alteisenaufreisen.de\/wp-content\/uploads\/22-St-Lot-u-Procopius-494x329.jpg\" class=\"aligncenter size-full wp-image-2849\" src=\"http:\/\/www.alteisenaufreisen.de\/wp-content\/uploads\/22-St-Lot-u-Procopius.jpg\" alt=\"22 St Lot u Procopius\" width=\"800\" height=\"533\" srcset=\"http:\/\/www.alteisenaufreisen.de\/wp-content\/uploads\/22-St-Lot-u-Procopius.jpg 800w, http:\/\/www.alteisenaufreisen.de\/wp-content\/uploads\/22-St-Lot-u-Procopius-188x125.jpg 188w, http:\/\/www.alteisenaufreisen.de\/wp-content\/uploads\/22-St-Lot-u-Procopius-494x329.jpg 494w\" sizes=\"(max-width: 767px) 89vw, (max-width: 1000px) 54vw, (max-width: 1071px) 543px, 580px\" \/><\/a><\/p>\n<p>Der W\u00e4chter, ein Beduine aus der Gegend, empf\u00e4ngt uns &#8211; heute sind wir sicher die ersten Besucher &#8211; und sperrt uns das Geb\u00e4ude, das als Schutz \u00fcber die wertvollen Mosaike gebaut wurde, auf.<\/p>\n<p><a href=\"http:\/\/www.alteisenaufreisen.de\/?attachment_id=2850\" rel=\"attachment wp-att-2850\"><img decoding=\"async\" data-attachment-id=\"2850\" data-permalink=\"http:\/\/www.alteisenaufreisen.de\/?attachment_id=2850\" data-orig-file=\"http:\/\/www.alteisenaufreisen.de\/wp-content\/uploads\/23-gastliche-Bewirtung.jpg\" data-orig-size=\"800,533\" data-comments-opened=\"1\" data-image-meta=\"{&quot;aperture&quot;:&quot;4.5&quot;,&quot;credit&quot;:&quot;Paul Kage&quot;,&quot;camera&quot;:&quot;Canon EOS 6D&quot;,&quot;caption&quot;:&quot;&quot;,&quot;created_timestamp&quot;:&quot;1388570391&quot;,&quot;copyright&quot;:&quot;alteisenaufreisen&quot;,&quot;focal_length&quot;:&quot;55&quot;,&quot;iso&quot;:&quot;100&quot;,&quot;shutter_speed&quot;:&quot;0.016666666666667&quot;,&quot;title&quot;:&quot;&quot;}\" data-image-title=\"23 gastliche Bewirtung\" data-image-description=\"\" data-image-caption=\"\" data-large-file=\"http:\/\/www.alteisenaufreisen.de\/wp-content\/uploads\/23-gastliche-Bewirtung-494x329.jpg\" class=\"aligncenter size-full wp-image-2850\" src=\"http:\/\/www.alteisenaufreisen.de\/wp-content\/uploads\/23-gastliche-Bewirtung.jpg\" alt=\"23 gastliche Bewirtung\" width=\"800\" height=\"533\" srcset=\"http:\/\/www.alteisenaufreisen.de\/wp-content\/uploads\/23-gastliche-Bewirtung.jpg 800w, http:\/\/www.alteisenaufreisen.de\/wp-content\/uploads\/23-gastliche-Bewirtung-188x125.jpg 188w, http:\/\/www.alteisenaufreisen.de\/wp-content\/uploads\/23-gastliche-Bewirtung-494x329.jpg 494w\" sizes=\"(max-width: 767px) 89vw, (max-width: 1000px) 54vw, (max-width: 1071px) 543px, 580px\" \/><\/a><\/p>\n<p>Nachdem wir die Kostbarkeit eingehend betrachtet haben, kredenzt er jedem von uns ein Glas frisch gebrauten Tee &#8211; eine sehr freundliche Geste.<\/p>\n<p>Weiter geht die Fahrt nach <strong>Madaba<\/strong>, einer sehr interessanten Stadt. Sie wird mehrfach im Alten Testament der Bibel erw\u00e4hnt, hat also sehr alte Wurzeln. Bis ins 8. Jhdt. war sie christlicher Bischofssitz, dann aber wurde sie von einem Erdbeben praktisch ausgel\u00f6scht und von den Bewohnern verlassen. Erst im sp\u00e4ten 19. Jhdt. kamen die Christen wieder und bauten die Stadt wieder auf. Das erkl\u00e4rt, dass das gr\u00f6\u00dfte Geb\u00e4ude im Zentrum der Stadt die griechisch-orthodoxe <strong>Basilika Sankt Georg<\/strong> ist.<\/p>\n<p><a href=\"http:\/\/www.alteisenaufreisen.de\/?attachment_id=2852\" rel=\"attachment wp-att-2852\"><img decoding=\"async\" data-attachment-id=\"2852\" data-permalink=\"http:\/\/www.alteisenaufreisen.de\/?attachment_id=2852\" data-orig-file=\"http:\/\/www.alteisenaufreisen.de\/wp-content\/uploads\/25-Madaba-St-Georg-Basilika.jpg\" data-orig-size=\"800,533\" data-comments-opened=\"1\" data-image-meta=\"{&quot;aperture&quot;:&quot;9&quot;,&quot;credit&quot;:&quot;Paul Kage&quot;,&quot;camera&quot;:&quot;Canon EOS 6D&quot;,&quot;caption&quot;:&quot;&quot;,&quot;created_timestamp&quot;:&quot;1388576870&quot;,&quot;copyright&quot;:&quot;alteisenaufreisen&quot;,&quot;focal_length&quot;:&quot;24&quot;,&quot;iso&quot;:&quot;12800&quot;,&quot;shutter_speed&quot;:&quot;0.033333333333333&quot;,&quot;title&quot;:&quot;&quot;}\" data-image-title=\"25 Madaba-St Georg Basilika\" data-image-description=\"\" data-image-caption=\"\" data-large-file=\"http:\/\/www.alteisenaufreisen.de\/wp-content\/uploads\/25-Madaba-St-Georg-Basilika-494x329.jpg\" class=\"aligncenter size-full wp-image-2852\" src=\"http:\/\/www.alteisenaufreisen.de\/wp-content\/uploads\/25-Madaba-St-Georg-Basilika.jpg\" alt=\"25 Madaba-St Georg Basilika\" width=\"800\" height=\"533\" srcset=\"http:\/\/www.alteisenaufreisen.de\/wp-content\/uploads\/25-Madaba-St-Georg-Basilika.jpg 800w, http:\/\/www.alteisenaufreisen.de\/wp-content\/uploads\/25-Madaba-St-Georg-Basilika-188x125.jpg 188w, http:\/\/www.alteisenaufreisen.de\/wp-content\/uploads\/25-Madaba-St-Georg-Basilika-494x329.jpg 494w\" sizes=\"(max-width: 767px) 89vw, (max-width: 1000px) 54vw, (max-width: 1071px) 543px, 580px\" \/><\/a><\/p>\n<p>Sie beherbergt das ber\u00fchmte Mosaik von Madaba aus dem 6. Jhdt., auf dem die Landkarte von Pal\u00e4stina dargestellt ist &#8211; sie wird sp\u00e4ter auf unserer Reise noch eine Rolle spielen.<\/p>\n<p><a href=\"http:\/\/www.alteisenaufreisen.de\/?attachment_id=2851\" rel=\"attachment wp-att-2851\"><img decoding=\"async\" data-attachment-id=\"2851\" data-permalink=\"http:\/\/www.alteisenaufreisen.de\/?attachment_id=2851\" data-orig-file=\"http:\/\/www.alteisenaufreisen.de\/wp-content\/uploads\/24-Mosaik-von-Madaba.jpg\" data-orig-size=\"800,533\" data-comments-opened=\"1\" data-image-meta=\"{&quot;aperture&quot;:&quot;8&quot;,&quot;credit&quot;:&quot;Paul Kage&quot;,&quot;camera&quot;:&quot;Canon EOS 6D&quot;,&quot;caption&quot;:&quot;&quot;,&quot;created_timestamp&quot;:&quot;1388576707&quot;,&quot;copyright&quot;:&quot;alteisenaufreisen&quot;,&quot;focal_length&quot;:&quot;50&quot;,&quot;iso&quot;:&quot;3200&quot;,&quot;shutter_speed&quot;:&quot;0.02&quot;,&quot;title&quot;:&quot;&quot;}\" data-image-title=\"24 Mosaik von Madaba\" data-image-description=\"\" data-image-caption=\"\" data-large-file=\"http:\/\/www.alteisenaufreisen.de\/wp-content\/uploads\/24-Mosaik-von-Madaba-494x329.jpg\" class=\"aligncenter size-full wp-image-2851\" src=\"http:\/\/www.alteisenaufreisen.de\/wp-content\/uploads\/24-Mosaik-von-Madaba.jpg\" alt=\"24 Mosaik von Madaba\" width=\"800\" height=\"533\" srcset=\"http:\/\/www.alteisenaufreisen.de\/wp-content\/uploads\/24-Mosaik-von-Madaba.jpg 800w, http:\/\/www.alteisenaufreisen.de\/wp-content\/uploads\/24-Mosaik-von-Madaba-188x125.jpg 188w, http:\/\/www.alteisenaufreisen.de\/wp-content\/uploads\/24-Mosaik-von-Madaba-494x329.jpg 494w\" sizes=\"(max-width: 767px) 89vw, (max-width: 1000px) 54vw, (max-width: 1071px) 543px, 580px\" \/><\/a><\/p>\n<p>Nur ein paar Hausecken weiter besuchen wir auch noch die <strong>Apostelkirche<\/strong>, sie ist ebenfalls f\u00fcr ihre Mosaiken ber\u00fchmt. Wir staunen nicht schlecht.<\/p>\n<p><a href=\"http:\/\/www.alteisenaufreisen.de\/?attachment_id=2853\" rel=\"attachment wp-att-2853\"><img decoding=\"async\" data-attachment-id=\"2853\" data-permalink=\"http:\/\/www.alteisenaufreisen.de\/?attachment_id=2853\" data-orig-file=\"http:\/\/www.alteisenaufreisen.de\/wp-content\/uploads\/26-Madaba-Apostelkirche.jpg\" data-orig-size=\"800,533\" data-comments-opened=\"1\" data-image-meta=\"{&quot;aperture&quot;:&quot;4&quot;,&quot;credit&quot;:&quot;Paul Kage&quot;,&quot;camera&quot;:&quot;Canon EOS 6D&quot;,&quot;caption&quot;:&quot;&quot;,&quot;created_timestamp&quot;:&quot;1388579573&quot;,&quot;copyright&quot;:&quot;alteisenaufreisen&quot;,&quot;focal_length&quot;:&quot;105&quot;,&quot;iso&quot;:&quot;1250&quot;,&quot;shutter_speed&quot;:&quot;0.008&quot;,&quot;title&quot;:&quot;&quot;}\" data-image-title=\"26 Madaba-Apostelkirche\" data-image-description=\"\" data-image-caption=\"\" data-large-file=\"http:\/\/www.alteisenaufreisen.de\/wp-content\/uploads\/26-Madaba-Apostelkirche-494x329.jpg\" class=\"aligncenter size-full wp-image-2853\" src=\"http:\/\/www.alteisenaufreisen.de\/wp-content\/uploads\/26-Madaba-Apostelkirche.jpg\" alt=\"26 Madaba-Apostelkirche\" width=\"800\" height=\"533\" srcset=\"http:\/\/www.alteisenaufreisen.de\/wp-content\/uploads\/26-Madaba-Apostelkirche.jpg 800w, http:\/\/www.alteisenaufreisen.de\/wp-content\/uploads\/26-Madaba-Apostelkirche-188x125.jpg 188w, http:\/\/www.alteisenaufreisen.de\/wp-content\/uploads\/26-Madaba-Apostelkirche-494x329.jpg 494w\" sizes=\"(max-width: 767px) 89vw, (max-width: 1000px) 54vw, (max-width: 1071px) 543px, 580px\" \/><\/a><\/p>\n<p><a href=\"http:\/\/www.alteisenaufreisen.de\/?attachment_id=2854\" rel=\"attachment wp-att-2854\"><img decoding=\"async\" data-attachment-id=\"2854\" data-permalink=\"http:\/\/www.alteisenaufreisen.de\/?attachment_id=2854\" data-orig-file=\"http:\/\/www.alteisenaufreisen.de\/wp-content\/uploads\/27-Mosaik-Apostelkirche.jpg\" data-orig-size=\"800,533\" data-comments-opened=\"1\" data-image-meta=\"{&quot;aperture&quot;:&quot;4&quot;,&quot;credit&quot;:&quot;Paul Kage&quot;,&quot;camera&quot;:&quot;Canon EOS 6D&quot;,&quot;caption&quot;:&quot;&quot;,&quot;created_timestamp&quot;:&quot;1388580104&quot;,&quot;copyright&quot;:&quot;alteisenaufreisen&quot;,&quot;focal_length&quot;:&quot;35&quot;,&quot;iso&quot;:&quot;1250&quot;,&quot;shutter_speed&quot;:&quot;0.025&quot;,&quot;title&quot;:&quot;&quot;}\" data-image-title=\"27 Mosaik-Apostelkirche\" data-image-description=\"\" data-image-caption=\"\" data-large-file=\"http:\/\/www.alteisenaufreisen.de\/wp-content\/uploads\/27-Mosaik-Apostelkirche-494x329.jpg\" class=\"aligncenter size-full wp-image-2854\" src=\"http:\/\/www.alteisenaufreisen.de\/wp-content\/uploads\/27-Mosaik-Apostelkirche.jpg\" alt=\"27 Mosaik-Apostelkirche\" width=\"800\" height=\"533\" srcset=\"http:\/\/www.alteisenaufreisen.de\/wp-content\/uploads\/27-Mosaik-Apostelkirche.jpg 800w, http:\/\/www.alteisenaufreisen.de\/wp-content\/uploads\/27-Mosaik-Apostelkirche-188x125.jpg 188w, http:\/\/www.alteisenaufreisen.de\/wp-content\/uploads\/27-Mosaik-Apostelkirche-494x329.jpg 494w\" sizes=\"(max-width: 767px) 89vw, (max-width: 1000px) 54vw, (max-width: 1071px) 543px, 580px\" \/><\/a><\/p>\n<p>Es hei\u00dft, in der Stadt sollen Reste von insgesamt 10 Kirchen gefunden worden sein.<\/p>\n<p>Weiter auf dem Weg in Richtung S\u00fcden m\u00fcssen wir das Wadi Mujib queren. Es gilt als der Grand Ca\u00f1on Jordaniens.<\/p>\n<p><a href=\"http:\/\/www.alteisenaufreisen.de\/?attachment_id=2855\" rel=\"attachment wp-att-2855\"><img decoding=\"async\" data-attachment-id=\"2855\" data-permalink=\"http:\/\/www.alteisenaufreisen.de\/?attachment_id=2855\" data-orig-file=\"http:\/\/www.alteisenaufreisen.de\/wp-content\/uploads\/28-Wadi-Mujib.jpg\" data-orig-size=\"800,533\" data-comments-opened=\"1\" data-image-meta=\"{&quot;aperture&quot;:&quot;7.1&quot;,&quot;credit&quot;:&quot;Paul Kage&quot;,&quot;camera&quot;:&quot;Canon EOS 6D&quot;,&quot;caption&quot;:&quot;&quot;,&quot;created_timestamp&quot;:&quot;1388582747&quot;,&quot;copyright&quot;:&quot;alteisenaufreisen&quot;,&quot;focal_length&quot;:&quot;24&quot;,&quot;iso&quot;:&quot;100&quot;,&quot;shutter_speed&quot;:&quot;0.004&quot;,&quot;title&quot;:&quot;&quot;}\" data-image-title=\"28 Wadi Mujib\" data-image-description=\"\" data-image-caption=\"\" data-large-file=\"http:\/\/www.alteisenaufreisen.de\/wp-content\/uploads\/28-Wadi-Mujib-494x329.jpg\" class=\"aligncenter size-full wp-image-2855\" src=\"http:\/\/www.alteisenaufreisen.de\/wp-content\/uploads\/28-Wadi-Mujib.jpg\" alt=\"28 Wadi Mujib\" width=\"800\" height=\"533\" srcset=\"http:\/\/www.alteisenaufreisen.de\/wp-content\/uploads\/28-Wadi-Mujib.jpg 800w, http:\/\/www.alteisenaufreisen.de\/wp-content\/uploads\/28-Wadi-Mujib-188x125.jpg 188w, http:\/\/www.alteisenaufreisen.de\/wp-content\/uploads\/28-Wadi-Mujib-494x329.jpg 494w\" sizes=\"(max-width: 767px) 89vw, (max-width: 1000px) 54vw, (max-width: 1071px) 543px, 580px\" \/><\/a><\/p>\n<p>Ca. 600 H\u00f6henmeter geht es von der Kante auf gewundener Stra\u00dfe hinunter ins Tal. Auf einem Staudamm \u00fcberqueren wir den Fluss und erklimmen die Hochebene wieder auf kurvenreicher, mit Serpentinen best\u00fcckter Stra\u00dfe &#8211; f\u00fcnf Kilometer Luftlinie sind wir nun von der Nordseite entfernt.<\/p>\n<p><a href=\"http:\/\/www.alteisenaufreisen.de\/?attachment_id=2856\" rel=\"attachment wp-att-2856\"><img decoding=\"async\" data-attachment-id=\"2856\" data-permalink=\"http:\/\/www.alteisenaufreisen.de\/?attachment_id=2856\" data-orig-file=\"http:\/\/www.alteisenaufreisen.de\/wp-content\/uploads\/29-Wadi-Mujib.jpg\" data-orig-size=\"800,533\" data-comments-opened=\"1\" data-image-meta=\"{&quot;aperture&quot;:&quot;9&quot;,&quot;credit&quot;:&quot;Paul Kage&quot;,&quot;camera&quot;:&quot;Canon EOS 6D&quot;,&quot;caption&quot;:&quot;&quot;,&quot;created_timestamp&quot;:&quot;1388584515&quot;,&quot;copyright&quot;:&quot;alteisenaufreisen&quot;,&quot;focal_length&quot;:&quot;24&quot;,&quot;iso&quot;:&quot;100&quot;,&quot;shutter_speed&quot;:&quot;0.00625&quot;,&quot;title&quot;:&quot;&quot;}\" data-image-title=\"29 Wadi Mujib\" data-image-description=\"\" data-image-caption=\"\" data-large-file=\"http:\/\/www.alteisenaufreisen.de\/wp-content\/uploads\/29-Wadi-Mujib-494x329.jpg\" class=\"aligncenter size-full wp-image-2856\" src=\"http:\/\/www.alteisenaufreisen.de\/wp-content\/uploads\/29-Wadi-Mujib.jpg\" alt=\"29 Wadi Mujib\" width=\"800\" height=\"533\" srcset=\"http:\/\/www.alteisenaufreisen.de\/wp-content\/uploads\/29-Wadi-Mujib.jpg 800w, http:\/\/www.alteisenaufreisen.de\/wp-content\/uploads\/29-Wadi-Mujib-188x125.jpg 188w, http:\/\/www.alteisenaufreisen.de\/wp-content\/uploads\/29-Wadi-Mujib-494x329.jpg 494w\" sizes=\"(max-width: 767px) 89vw, (max-width: 1000px) 54vw, (max-width: 1071px) 543px, 580px\" \/><\/a><\/p>\n<p>Nat\u00fcrlich tr\u00e4umt der Motorradfahrer hier mit der eigenen Maschine unterwegs zu sein.<\/p>\n<p>Weiter auf der K\u00f6nigsstra\u00dfe f\u00fchrt unsere Fahrt am sp\u00e4ten Nachmittag zur <strong>Burg Kerak<\/strong>. Stadt und Burg liegen auf einem Bergr\u00fccken, auf dessen Sporn die trutzige Festung aufragt.<\/p>\n<p><a href=\"http:\/\/www.alteisenaufreisen.de\/?attachment_id=2857\" rel=\"attachment wp-att-2857\"><img decoding=\"async\" data-attachment-id=\"2857\" data-permalink=\"http:\/\/www.alteisenaufreisen.de\/?attachment_id=2857\" data-orig-file=\"http:\/\/www.alteisenaufreisen.de\/wp-content\/uploads\/30-Kerak-Kreuzritterburg.jpg\" data-orig-size=\"800,533\" data-comments-opened=\"1\" data-image-meta=\"{&quot;aperture&quot;:&quot;5&quot;,&quot;credit&quot;:&quot;Paul Kage&quot;,&quot;camera&quot;:&quot;Canon EOS 6D&quot;,&quot;caption&quot;:&quot;&quot;,&quot;created_timestamp&quot;:&quot;1388589940&quot;,&quot;copyright&quot;:&quot;alteisenaufreisen&quot;,&quot;focal_length&quot;:&quot;47&quot;,&quot;iso&quot;:&quot;100&quot;,&quot;shutter_speed&quot;:&quot;0.005&quot;,&quot;title&quot;:&quot;&quot;}\" data-image-title=\"30 Kerak-Kreuzritterburg\" data-image-description=\"\" data-image-caption=\"\" data-large-file=\"http:\/\/www.alteisenaufreisen.de\/wp-content\/uploads\/30-Kerak-Kreuzritterburg-494x329.jpg\" class=\"aligncenter size-full wp-image-2857\" src=\"http:\/\/www.alteisenaufreisen.de\/wp-content\/uploads\/30-Kerak-Kreuzritterburg.jpg\" alt=\"30 Kerak-Kreuzritterburg\" width=\"800\" height=\"533\" srcset=\"http:\/\/www.alteisenaufreisen.de\/wp-content\/uploads\/30-Kerak-Kreuzritterburg.jpg 800w, http:\/\/www.alteisenaufreisen.de\/wp-content\/uploads\/30-Kerak-Kreuzritterburg-188x125.jpg 188w, http:\/\/www.alteisenaufreisen.de\/wp-content\/uploads\/30-Kerak-Kreuzritterburg-494x329.jpg 494w\" sizes=\"(max-width: 767px) 89vw, (max-width: 1000px) 54vw, (max-width: 1071px) 543px, 580px\" \/><\/a><\/p>\n<p>Sie wurde von Kreuzrittern um 1142 gebaut und galt als uneinnehmbar, da sie auf drei Seiten von einem Tal umgeben ist. Im zweiten Versuch soll Saladin aber die Burg 1188 nach einer Belagerung von acht Monaten geschleift haben. Die Reste sind heute noch imposant und sehenswert.<\/p>\n<p><a href=\"http:\/\/www.alteisenaufreisen.de\/?attachment_id=2858\" rel=\"attachment wp-att-2858\"><img decoding=\"async\" data-attachment-id=\"2858\" data-permalink=\"http:\/\/www.alteisenaufreisen.de\/?attachment_id=2858\" data-orig-file=\"http:\/\/www.alteisenaufreisen.de\/wp-content\/uploads\/31-Kerak-Kreuzritterburg.jpg\" data-orig-size=\"800,533\" data-comments-opened=\"1\" data-image-meta=\"{&quot;aperture&quot;:&quot;7.1&quot;,&quot;credit&quot;:&quot;Paul Kage&quot;,&quot;camera&quot;:&quot;Canon EOS 6D&quot;,&quot;caption&quot;:&quot;&quot;,&quot;created_timestamp&quot;:&quot;1388591917&quot;,&quot;copyright&quot;:&quot;alteisenaufreisen&quot;,&quot;focal_length&quot;:&quot;24&quot;,&quot;iso&quot;:&quot;100&quot;,&quot;shutter_speed&quot;:&quot;0.01&quot;,&quot;title&quot;:&quot;&quot;}\" data-image-title=\"31 Kerak-Kreuzritterburg\" data-image-description=\"\" data-image-caption=\"\" data-large-file=\"http:\/\/www.alteisenaufreisen.de\/wp-content\/uploads\/31-Kerak-Kreuzritterburg-494x329.jpg\" class=\"aligncenter size-full wp-image-2858\" src=\"http:\/\/www.alteisenaufreisen.de\/wp-content\/uploads\/31-Kerak-Kreuzritterburg.jpg\" alt=\"31 Kerak-Kreuzritterburg\" width=\"800\" height=\"533\" srcset=\"http:\/\/www.alteisenaufreisen.de\/wp-content\/uploads\/31-Kerak-Kreuzritterburg.jpg 800w, http:\/\/www.alteisenaufreisen.de\/wp-content\/uploads\/31-Kerak-Kreuzritterburg-188x125.jpg 188w, http:\/\/www.alteisenaufreisen.de\/wp-content\/uploads\/31-Kerak-Kreuzritterburg-494x329.jpg 494w\" sizes=\"(max-width: 767px) 89vw, (max-width: 1000px) 54vw, (max-width: 1071px) 543px, 580px\" \/><\/a><\/p>\n<p>Und so n\u00e4hern wir uns dem absoluten H\u00f6hepunkt unserer Reise. Wir fahren wieder in die Berge und besuchen die sagenhafte Stadt <strong>Petra<\/strong>. &nbsp;Es wird seit 1985 in der <a href=\"http:\/\/de.wikipedia.org\/wiki\/Liste_des_UNESCO-Welterbes_%28Asien_und_Ozeanien%29\">Welterbeliste der UNESCO<\/a> gef\u00fchrt. die Steinerne Stadt und Hauptstadt der Nabat\u00e4er, die hier von ca. 300 v.Chr. bis ca. 150 n.Chr. ihre Macht entfalteten.<\/p>\n<p><a href=\"http:\/\/www.alteisenaufreisen.de\/?attachment_id=2859\" rel=\"attachment wp-att-2859\"><img decoding=\"async\" data-attachment-id=\"2859\" data-permalink=\"http:\/\/www.alteisenaufreisen.de\/?attachment_id=2859\" data-orig-file=\"http:\/\/www.alteisenaufreisen.de\/wp-content\/uploads\/32-Petra-el-Siq.jpg\" data-orig-size=\"800,533\" data-comments-opened=\"1\" data-image-meta=\"{&quot;aperture&quot;:&quot;4&quot;,&quot;credit&quot;:&quot;Paul Kage&quot;,&quot;camera&quot;:&quot;Canon EOS 6D&quot;,&quot;caption&quot;:&quot;&quot;,&quot;created_timestamp&quot;:&quot;1388655187&quot;,&quot;copyright&quot;:&quot;alteisenaufreisen&quot;,&quot;focal_length&quot;:&quot;24&quot;,&quot;iso&quot;:&quot;400&quot;,&quot;shutter_speed&quot;:&quot;0.033333333333333&quot;,&quot;title&quot;:&quot;&quot;}\" data-image-title=\"32 Petra-el Siq\" data-image-description=\"\" data-image-caption=\"\" data-large-file=\"http:\/\/www.alteisenaufreisen.de\/wp-content\/uploads\/32-Petra-el-Siq-494x329.jpg\" class=\"aligncenter size-full wp-image-2859\" src=\"http:\/\/www.alteisenaufreisen.de\/wp-content\/uploads\/32-Petra-el-Siq.jpg\" alt=\"32 Petra-el Siq\" width=\"800\" height=\"533\" srcset=\"http:\/\/www.alteisenaufreisen.de\/wp-content\/uploads\/32-Petra-el-Siq.jpg 800w, http:\/\/www.alteisenaufreisen.de\/wp-content\/uploads\/32-Petra-el-Siq-188x125.jpg 188w, http:\/\/www.alteisenaufreisen.de\/wp-content\/uploads\/32-Petra-el-Siq-494x329.jpg 494w\" sizes=\"(max-width: 767px) 89vw, (max-width: 1000px) 54vw, (max-width: 1071px) 543px, 580px\" \/><\/a><\/p>\n<p>Als Nomaden, die sie waren, siedelten sie in ihren Zelten in der Gegend von Petra. Durch die Kontrolle der Weihrauchstrasse von Medina bis in die Zentren des Altertums konnten sie immensen Reichtum und Einfluss aufbauen.<\/p>\n<p><a href=\"http:\/\/www.alteisenaufreisen.de\/?attachment_id=2860\" rel=\"attachment wp-att-2860\"><img decoding=\"async\" data-attachment-id=\"2860\" data-permalink=\"http:\/\/www.alteisenaufreisen.de\/?attachment_id=2860\" data-orig-file=\"http:\/\/www.alteisenaufreisen.de\/wp-content\/uploads\/33-Petra-el-Siq.jpg\" data-orig-size=\"533,800\" data-comments-opened=\"1\" data-image-meta=\"{&quot;aperture&quot;:&quot;4&quot;,&quot;credit&quot;:&quot;Paul Kage&quot;,&quot;camera&quot;:&quot;Canon EOS 6D&quot;,&quot;caption&quot;:&quot;&quot;,&quot;created_timestamp&quot;:&quot;1388656406&quot;,&quot;copyright&quot;:&quot;alteisenaufreisen&quot;,&quot;focal_length&quot;:&quot;24&quot;,&quot;iso&quot;:&quot;3200&quot;,&quot;shutter_speed&quot;:&quot;0.033333333333333&quot;,&quot;title&quot;:&quot;&quot;}\" data-image-title=\"33 Petra-el Siq\" data-image-description=\"\" data-image-caption=\"\" data-large-file=\"http:\/\/www.alteisenaufreisen.de\/wp-content\/uploads\/33-Petra-el-Siq-329x494.jpg\" class=\"aligncenter size-large wp-image-2860\" src=\"http:\/\/www.alteisenaufreisen.de\/wp-content\/uploads\/33-Petra-el-Siq-329x494.jpg\" alt=\"33 Petra-el Siq\" width=\"329\" height=\"494\" srcset=\"http:\/\/www.alteisenaufreisen.de\/wp-content\/uploads\/33-Petra-el-Siq-329x494.jpg 329w, http:\/\/www.alteisenaufreisen.de\/wp-content\/uploads\/33-Petra-el-Siq-125x188.jpg 125w, http:\/\/www.alteisenaufreisen.de\/wp-content\/uploads\/33-Petra-el-Siq-399x600.jpg 399w, http:\/\/www.alteisenaufreisen.de\/wp-content\/uploads\/33-Petra-el-Siq.jpg 533w\" sizes=\"(max-width: 329px) 100vw, 329px\" \/><\/a><\/p>\n<p>Das half ihnen, ihren Toten eine Stadt in den Fels zu bauen &#8211; Petra.<\/p>\n<p><a href=\"http:\/\/www.alteisenaufreisen.de\/?attachment_id=2861\" rel=\"attachment wp-att-2861\"><img decoding=\"async\" data-attachment-id=\"2861\" data-permalink=\"http:\/\/www.alteisenaufreisen.de\/?attachment_id=2861\" data-orig-file=\"http:\/\/www.alteisenaufreisen.de\/wp-content\/uploads\/34-Petra-el-Siq.jpg\" data-orig-size=\"800,533\" data-comments-opened=\"1\" data-image-meta=\"{&quot;aperture&quot;:&quot;4&quot;,&quot;credit&quot;:&quot;Paul Kage&quot;,&quot;camera&quot;:&quot;Canon EOS 6D&quot;,&quot;caption&quot;:&quot;&quot;,&quot;created_timestamp&quot;:&quot;1388657374&quot;,&quot;copyright&quot;:&quot;alteisenaufreisen&quot;,&quot;focal_length&quot;:&quot;24&quot;,&quot;iso&quot;:&quot;100&quot;,&quot;shutter_speed&quot;:&quot;0.025&quot;,&quot;title&quot;:&quot;&quot;}\" data-image-title=\"Petra, El Siq\" data-image-description=\"\" data-image-caption=\"\" data-large-file=\"http:\/\/www.alteisenaufreisen.de\/wp-content\/uploads\/34-Petra-el-Siq-494x329.jpg\" class=\"aligncenter size-full wp-image-2861\" src=\"http:\/\/www.alteisenaufreisen.de\/wp-content\/uploads\/34-Petra-el-Siq.jpg\" alt=\"Petra, El Siq\" width=\"800\" height=\"533\" srcset=\"http:\/\/www.alteisenaufreisen.de\/wp-content\/uploads\/34-Petra-el-Siq.jpg 800w, http:\/\/www.alteisenaufreisen.de\/wp-content\/uploads\/34-Petra-el-Siq-188x125.jpg 188w, http:\/\/www.alteisenaufreisen.de\/wp-content\/uploads\/34-Petra-el-Siq-494x329.jpg 494w\" sizes=\"(max-width: 767px) 89vw, (max-width: 1000px) 54vw, (max-width: 1071px) 543px, 580px\" \/><\/a><\/p>\n<p>Mit einem Tagesmarsch von ca. 18 km und der \u00dcberwindung von ca. 500 H\u00f6henmetern in diesem weitl\u00e4ufigen Gel\u00e4nde k\u00f6nnen wir uns einen guten Eindruck verschaffen.<\/p>\n<p><a href=\"http:\/\/www.alteisenaufreisen.de\/?attachment_id=2862\" rel=\"attachment wp-att-2862\"><img decoding=\"async\" data-attachment-id=\"2862\" data-permalink=\"http:\/\/www.alteisenaufreisen.de\/?attachment_id=2862\" data-orig-file=\"http:\/\/www.alteisenaufreisen.de\/wp-content\/uploads\/35-Petra-Khazne-al-Firaun.jpg\" data-orig-size=\"800,533\" data-comments-opened=\"1\" data-image-meta=\"{&quot;aperture&quot;:&quot;5&quot;,&quot;credit&quot;:&quot;Paul Kage&quot;,&quot;camera&quot;:&quot;Canon EOS 6D&quot;,&quot;caption&quot;:&quot;&quot;,&quot;created_timestamp&quot;:&quot;1388657545&quot;,&quot;copyright&quot;:&quot;alteisenaufreisen&quot;,&quot;focal_length&quot;:&quot;24&quot;,&quot;iso&quot;:&quot;100&quot;,&quot;shutter_speed&quot;:&quot;0.02&quot;,&quot;title&quot;:&quot;&quot;}\" data-image-title=\"35 Petra-Khazne al-Firaun\" data-image-description=\"\" data-image-caption=\"\" data-large-file=\"http:\/\/www.alteisenaufreisen.de\/wp-content\/uploads\/35-Petra-Khazne-al-Firaun-494x329.jpg\" class=\"aligncenter size-full wp-image-2862\" src=\"http:\/\/www.alteisenaufreisen.de\/wp-content\/uploads\/35-Petra-Khazne-al-Firaun.jpg\" alt=\"35 Petra-Khazne al-Firaun\" width=\"800\" height=\"533\" srcset=\"http:\/\/www.alteisenaufreisen.de\/wp-content\/uploads\/35-Petra-Khazne-al-Firaun.jpg 800w, http:\/\/www.alteisenaufreisen.de\/wp-content\/uploads\/35-Petra-Khazne-al-Firaun-188x125.jpg 188w, http:\/\/www.alteisenaufreisen.de\/wp-content\/uploads\/35-Petra-Khazne-al-Firaun-494x329.jpg 494w\" sizes=\"(max-width: 767px) 89vw, (max-width: 1000px) 54vw, (max-width: 1071px) 543px, 580px\" \/><\/a><\/p>\n<p><a href=\"http:\/\/www.alteisenaufreisen.de\/?attachment_id=2863\" rel=\"attachment wp-att-2863\"><img decoding=\"async\" data-attachment-id=\"2863\" data-permalink=\"http:\/\/www.alteisenaufreisen.de\/?attachment_id=2863\" data-orig-file=\"http:\/\/www.alteisenaufreisen.de\/wp-content\/uploads\/36-Felsengr\u00e4ber.jpg\" data-orig-size=\"800,533\" data-comments-opened=\"1\" data-image-meta=\"{&quot;aperture&quot;:&quot;5&quot;,&quot;credit&quot;:&quot;Paul Kage&quot;,&quot;camera&quot;:&quot;Canon EOS 6D&quot;,&quot;caption&quot;:&quot;&quot;,&quot;created_timestamp&quot;:&quot;1388660486&quot;,&quot;copyright&quot;:&quot;alteisenaufreisen&quot;,&quot;focal_length&quot;:&quot;92&quot;,&quot;iso&quot;:&quot;100&quot;,&quot;shutter_speed&quot;:&quot;0.008&quot;,&quot;title&quot;:&quot;&quot;}\" data-image-title=\"36 Felsengr\u00e4ber\" data-image-description=\"\" data-image-caption=\"\" data-large-file=\"http:\/\/www.alteisenaufreisen.de\/wp-content\/uploads\/36-Felsengr\u00e4ber-494x329.jpg\" class=\"aligncenter size-full wp-image-2863\" src=\"http:\/\/www.alteisenaufreisen.de\/wp-content\/uploads\/36-Felsengr\u00e4ber.jpg\" alt=\"36 Felsengr\u00e4ber\" width=\"800\" height=\"533\" srcset=\"http:\/\/www.alteisenaufreisen.de\/wp-content\/uploads\/36-Felsengr\u00e4ber.jpg 800w, http:\/\/www.alteisenaufreisen.de\/wp-content\/uploads\/36-Felsengr\u00e4ber-188x125.jpg 188w, http:\/\/www.alteisenaufreisen.de\/wp-content\/uploads\/36-Felsengr\u00e4ber-494x329.jpg 494w\" sizes=\"(max-width: 767px) 89vw, (max-width: 1000px) 54vw, (max-width: 1071px) 543px, 580px\" \/><\/a><\/p>\n<p><a href=\"http:\/\/www.alteisenaufreisen.de\/?attachment_id=2864\" rel=\"attachment wp-att-2864\"><img decoding=\"async\" data-attachment-id=\"2864\" data-permalink=\"http:\/\/www.alteisenaufreisen.de\/?attachment_id=2864\" data-orig-file=\"http:\/\/www.alteisenaufreisen.de\/wp-content\/uploads\/37-Felsengr\u00e4ber.jpg\" data-orig-size=\"800,533\" data-comments-opened=\"1\" data-image-meta=\"{&quot;aperture&quot;:&quot;7.1&quot;,&quot;credit&quot;:&quot;Paul Kage&quot;,&quot;camera&quot;:&quot;Canon EOS 6D&quot;,&quot;caption&quot;:&quot;&quot;,&quot;created_timestamp&quot;:&quot;1388661061&quot;,&quot;copyright&quot;:&quot;alteisenaufreisen&quot;,&quot;focal_length&quot;:&quot;65&quot;,&quot;iso&quot;:&quot;100&quot;,&quot;shutter_speed&quot;:&quot;0.005&quot;,&quot;title&quot;:&quot;&quot;}\" data-image-title=\"37 Felsengr\u00e4ber\" data-image-description=\"\" data-image-caption=\"\" data-large-file=\"http:\/\/www.alteisenaufreisen.de\/wp-content\/uploads\/37-Felsengr\u00e4ber-494x329.jpg\" class=\"aligncenter size-full wp-image-2864\" src=\"http:\/\/www.alteisenaufreisen.de\/wp-content\/uploads\/37-Felsengr\u00e4ber.jpg\" alt=\"37 Felsengr\u00e4ber\" width=\"800\" height=\"533\" srcset=\"http:\/\/www.alteisenaufreisen.de\/wp-content\/uploads\/37-Felsengr\u00e4ber.jpg 800w, http:\/\/www.alteisenaufreisen.de\/wp-content\/uploads\/37-Felsengr\u00e4ber-188x125.jpg 188w, http:\/\/www.alteisenaufreisen.de\/wp-content\/uploads\/37-Felsengr\u00e4ber-494x329.jpg 494w\" sizes=\"(max-width: 767px) 89vw, (max-width: 1000px) 54vw, (max-width: 1071px) 543px, 580px\" \/><\/a><\/p>\n<p><a href=\"http:\/\/www.alteisenaufreisen.de\/?attachment_id=2865\" rel=\"attachment wp-att-2865\"><img decoding=\"async\" data-attachment-id=\"2865\" data-permalink=\"http:\/\/www.alteisenaufreisen.de\/?attachment_id=2865\" data-orig-file=\"http:\/\/www.alteisenaufreisen.de\/wp-content\/uploads\/38-ausgestzter-Weg.jpg\" data-orig-size=\"800,533\" data-comments-opened=\"1\" data-image-meta=\"{&quot;aperture&quot;:&quot;7.1&quot;,&quot;credit&quot;:&quot;Paul Kage&quot;,&quot;camera&quot;:&quot;Canon EOS 6D&quot;,&quot;caption&quot;:&quot;&quot;,&quot;created_timestamp&quot;:&quot;1388666417&quot;,&quot;copyright&quot;:&quot;alteisenaufreisen&quot;,&quot;focal_length&quot;:&quot;32&quot;,&quot;iso&quot;:&quot;100&quot;,&quot;shutter_speed&quot;:&quot;0.01&quot;,&quot;title&quot;:&quot;&quot;}\" data-image-title=\"38 ausgestzter Weg\" data-image-description=\"\" data-image-caption=\"\" data-large-file=\"http:\/\/www.alteisenaufreisen.de\/wp-content\/uploads\/38-ausgestzter-Weg-494x329.jpg\" class=\"aligncenter size-full wp-image-2865\" src=\"http:\/\/www.alteisenaufreisen.de\/wp-content\/uploads\/38-ausgestzter-Weg.jpg\" alt=\"38 ausgestzter Weg\" width=\"800\" height=\"533\" srcset=\"http:\/\/www.alteisenaufreisen.de\/wp-content\/uploads\/38-ausgestzter-Weg.jpg 800w, http:\/\/www.alteisenaufreisen.de\/wp-content\/uploads\/38-ausgestzter-Weg-188x125.jpg 188w, http:\/\/www.alteisenaufreisen.de\/wp-content\/uploads\/38-ausgestzter-Weg-494x329.jpg 494w\" sizes=\"(max-width: 767px) 89vw, (max-width: 1000px) 54vw, (max-width: 1071px) 543px, 580px\" \/><\/a><\/p>\n<p><a href=\"http:\/\/www.alteisenaufreisen.de\/?attachment_id=2866\" rel=\"attachment wp-att-2866\"><img decoding=\"async\" data-attachment-id=\"2866\" data-permalink=\"http:\/\/www.alteisenaufreisen.de\/?attachment_id=2866\" data-orig-file=\"http:\/\/www.alteisenaufreisen.de\/wp-content\/uploads\/39-Gartengrab.jpg\" data-orig-size=\"800,533\" data-comments-opened=\"1\" data-image-meta=\"{&quot;aperture&quot;:&quot;7.1&quot;,&quot;credit&quot;:&quot;Paul Kage&quot;,&quot;camera&quot;:&quot;Canon EOS 6D&quot;,&quot;caption&quot;:&quot;&quot;,&quot;created_timestamp&quot;:&quot;1388667278&quot;,&quot;copyright&quot;:&quot;alteisenaufreisen&quot;,&quot;focal_length&quot;:&quot;24&quot;,&quot;iso&quot;:&quot;100&quot;,&quot;shutter_speed&quot;:&quot;0.01&quot;,&quot;title&quot;:&quot;&quot;}\" data-image-title=\"39 Gartengrab\" data-image-description=\"\" data-image-caption=\"\" data-large-file=\"http:\/\/www.alteisenaufreisen.de\/wp-content\/uploads\/39-Gartengrab-494x329.jpg\" class=\"aligncenter size-full wp-image-2866\" src=\"http:\/\/www.alteisenaufreisen.de\/wp-content\/uploads\/39-Gartengrab.jpg\" alt=\"39 Gartengrab\" width=\"800\" height=\"533\" srcset=\"http:\/\/www.alteisenaufreisen.de\/wp-content\/uploads\/39-Gartengrab.jpg 800w, http:\/\/www.alteisenaufreisen.de\/wp-content\/uploads\/39-Gartengrab-188x125.jpg 188w, http:\/\/www.alteisenaufreisen.de\/wp-content\/uploads\/39-Gartengrab-494x329.jpg 494w\" sizes=\"(max-width: 767px) 89vw, (max-width: 1000px) 54vw, (max-width: 1071px) 543px, 580px\" \/><\/a><\/p>\n<p><a href=\"http:\/\/www.alteisenaufreisen.de\/?attachment_id=2867\" rel=\"attachment wp-att-2867\"><img decoding=\"async\" data-attachment-id=\"2867\" data-permalink=\"http:\/\/www.alteisenaufreisen.de\/?attachment_id=2867\" data-orig-file=\"http:\/\/www.alteisenaufreisen.de\/wp-content\/uploads\/40-Petra-Blick-zur-K\u00f6nigswand.jpg\" data-orig-size=\"800,533\" data-comments-opened=\"1\" data-image-meta=\"{&quot;aperture&quot;:&quot;6.3&quot;,&quot;credit&quot;:&quot;Paul Kage&quot;,&quot;camera&quot;:&quot;Canon EOS 6D&quot;,&quot;caption&quot;:&quot;&quot;,&quot;created_timestamp&quot;:&quot;1388675725&quot;,&quot;copyright&quot;:&quot;alteisenaufreisen&quot;,&quot;focal_length&quot;:&quot;80&quot;,&quot;iso&quot;:&quot;100&quot;,&quot;shutter_speed&quot;:&quot;0.005&quot;,&quot;title&quot;:&quot;&quot;}\" data-image-title=\"40 Petra-Blick zur K\u00f6nigswand\" data-image-description=\"\" data-image-caption=\"\" data-large-file=\"http:\/\/www.alteisenaufreisen.de\/wp-content\/uploads\/40-Petra-Blick-zur-K\u00f6nigswand-494x329.jpg\" class=\"aligncenter size-full wp-image-2867\" src=\"http:\/\/www.alteisenaufreisen.de\/wp-content\/uploads\/40-Petra-Blick-zur-K\u00f6nigswand.jpg\" alt=\"40 Petra-Blick zur K\u00f6nigswand\" width=\"800\" height=\"533\" srcset=\"http:\/\/www.alteisenaufreisen.de\/wp-content\/uploads\/40-Petra-Blick-zur-K\u00f6nigswand.jpg 800w, http:\/\/www.alteisenaufreisen.de\/wp-content\/uploads\/40-Petra-Blick-zur-K\u00f6nigswand-188x125.jpg 188w, http:\/\/www.alteisenaufreisen.de\/wp-content\/uploads\/40-Petra-Blick-zur-K\u00f6nigswand-494x329.jpg 494w\" sizes=\"(max-width: 767px) 89vw, (max-width: 1000px) 54vw, (max-width: 1071px) 543px, 580px\" \/><\/a><\/p>\n<p><a href=\"http:\/\/www.alteisenaufreisen.de\/?attachment_id=2868\" rel=\"attachment wp-att-2868\"><img decoding=\"async\" data-attachment-id=\"2868\" data-permalink=\"http:\/\/www.alteisenaufreisen.de\/?attachment_id=2868\" data-orig-file=\"http:\/\/www.alteisenaufreisen.de\/wp-content\/uploads\/41-Petra-Felsgrab-Ed-Deir.jpg\" data-orig-size=\"800,533\" data-comments-opened=\"1\" data-image-meta=\"{&quot;aperture&quot;:&quot;8&quot;,&quot;credit&quot;:&quot;Paul Kage&quot;,&quot;camera&quot;:&quot;Canon EOS 6D&quot;,&quot;caption&quot;:&quot;&quot;,&quot;created_timestamp&quot;:&quot;1388676432&quot;,&quot;copyright&quot;:&quot;alteisenaufreisen&quot;,&quot;focal_length&quot;:&quot;28&quot;,&quot;iso&quot;:&quot;100&quot;,&quot;shutter_speed&quot;:&quot;0.00625&quot;,&quot;title&quot;:&quot;&quot;}\" data-image-title=\"41 Petra-Felsgrab Ed-Deir\" data-image-description=\"\" data-image-caption=\"\" data-large-file=\"http:\/\/www.alteisenaufreisen.de\/wp-content\/uploads\/41-Petra-Felsgrab-Ed-Deir-494x329.jpg\" class=\"aligncenter size-full wp-image-2868\" src=\"http:\/\/www.alteisenaufreisen.de\/wp-content\/uploads\/41-Petra-Felsgrab-Ed-Deir.jpg\" alt=\"41 Petra-Felsgrab Ed-Deir\" width=\"800\" height=\"533\" srcset=\"http:\/\/www.alteisenaufreisen.de\/wp-content\/uploads\/41-Petra-Felsgrab-Ed-Deir.jpg 800w, http:\/\/www.alteisenaufreisen.de\/wp-content\/uploads\/41-Petra-Felsgrab-Ed-Deir-188x125.jpg 188w, http:\/\/www.alteisenaufreisen.de\/wp-content\/uploads\/41-Petra-Felsgrab-Ed-Deir-494x329.jpg 494w\" sizes=\"(max-width: 767px) 89vw, (max-width: 1000px) 54vw, (max-width: 1071px) 543px, 580px\" \/><\/a><\/p>\n<p>Den stimmungsvollen Abschluss unseres Besuches bildet die Vorstellung &#8218;Petra by Night&#8216;.<\/p>\n<p><a href=\"http:\/\/www.alteisenaufreisen.de\/?attachment_id=2869\" rel=\"attachment wp-att-2869\"><img decoding=\"async\" data-attachment-id=\"2869\" data-permalink=\"http:\/\/www.alteisenaufreisen.de\/?attachment_id=2869\" data-orig-file=\"http:\/\/www.alteisenaufreisen.de\/wp-content\/uploads\/42-Petra-by-Night.jpg\" data-orig-size=\"800,533\" data-comments-opened=\"1\" data-image-meta=\"{&quot;aperture&quot;:&quot;5.6&quot;,&quot;credit&quot;:&quot;Paul Kage&quot;,&quot;camera&quot;:&quot;Canon EOS 6D&quot;,&quot;caption&quot;:&quot;&quot;,&quot;created_timestamp&quot;:&quot;1388696085&quot;,&quot;copyright&quot;:&quot;alteisenaufreisen&quot;,&quot;focal_length&quot;:&quot;24&quot;,&quot;iso&quot;:&quot;25600&quot;,&quot;shutter_speed&quot;:&quot;0.125&quot;,&quot;title&quot;:&quot;&quot;}\" data-image-title=\"42 Petra by Night\" data-image-description=\"\" data-image-caption=\"\" data-large-file=\"http:\/\/www.alteisenaufreisen.de\/wp-content\/uploads\/42-Petra-by-Night-494x329.jpg\" class=\"aligncenter size-full wp-image-2869\" src=\"http:\/\/www.alteisenaufreisen.de\/wp-content\/uploads\/42-Petra-by-Night.jpg\" alt=\"42 Petra by Night\" width=\"800\" height=\"533\" srcset=\"http:\/\/www.alteisenaufreisen.de\/wp-content\/uploads\/42-Petra-by-Night.jpg 800w, http:\/\/www.alteisenaufreisen.de\/wp-content\/uploads\/42-Petra-by-Night-188x125.jpg 188w, http:\/\/www.alteisenaufreisen.de\/wp-content\/uploads\/42-Petra-by-Night-494x329.jpg 494w\" sizes=\"(max-width: 767px) 89vw, (max-width: 1000px) 54vw, (max-width: 1071px) 543px, 580px\" \/><\/a><\/p>\n<p>Den Rest erz\u00e4hlen die Bilder.<\/p>\n<p>Das n\u00e4chste Highlight hat sehr viel mit dem &#8218;W\u00fcstenstaat&#8216; Jordanien zu tun, denn wir fahren in&#8217;s <strong>Wadi Rum<\/strong>, eigentlich muss es Wadi Ram hei\u00dfen, die Schreibweise ist aber der englischen Aussprache geschuldet. Auch diese W\u00fcstenei wurde 2011 in die <a href=\"http:\/\/de.wikipedia.org\/wiki\/Liste_des_UNESCO-Welterbes_%28Asien_und_Ozeanien%29\">Welterbeliste der UNESCO<\/a> aufgenommen &#8211; und das mit Recht, wie wir finden.<\/p>\n<p><a href=\"http:\/\/www.alteisenaufreisen.de\/?attachment_id=2870\" rel=\"attachment wp-att-2870\"><img decoding=\"async\" data-attachment-id=\"2870\" data-permalink=\"http:\/\/www.alteisenaufreisen.de\/?attachment_id=2870\" data-orig-file=\"http:\/\/www.alteisenaufreisen.de\/wp-content\/uploads\/43-Wadi-Rum.jpg\" data-orig-size=\"800,533\" data-comments-opened=\"1\" data-image-meta=\"{&quot;aperture&quot;:&quot;4&quot;,&quot;credit&quot;:&quot;Paul Kage&quot;,&quot;camera&quot;:&quot;Canon EOS 6D&quot;,&quot;caption&quot;:&quot;&quot;,&quot;created_timestamp&quot;:&quot;1388755015&quot;,&quot;copyright&quot;:&quot;alteisenaufreisen&quot;,&quot;focal_length&quot;:&quot;50&quot;,&quot;iso&quot;:&quot;160&quot;,&quot;shutter_speed&quot;:&quot;0.00125&quot;,&quot;title&quot;:&quot;&quot;}\" data-image-title=\"43 Wadi Rum\" data-image-description=\"\" data-image-caption=\"\" data-large-file=\"http:\/\/www.alteisenaufreisen.de\/wp-content\/uploads\/43-Wadi-Rum-494x329.jpg\" class=\"aligncenter size-full wp-image-2870\" src=\"http:\/\/www.alteisenaufreisen.de\/wp-content\/uploads\/43-Wadi-Rum.jpg\" alt=\"43 Wadi Rum\" width=\"800\" height=\"533\" srcset=\"http:\/\/www.alteisenaufreisen.de\/wp-content\/uploads\/43-Wadi-Rum.jpg 800w, http:\/\/www.alteisenaufreisen.de\/wp-content\/uploads\/43-Wadi-Rum-188x125.jpg 188w, http:\/\/www.alteisenaufreisen.de\/wp-content\/uploads\/43-Wadi-Rum-494x329.jpg 494w\" sizes=\"(max-width: 767px) 89vw, (max-width: 1000px) 54vw, (max-width: 1071px) 543px, 580px\" \/><\/a><\/p>\n<p>Von einem W\u00fcstenlager (f\u00fcr Touristen) fahren wir auf der Ladefl\u00e4che eines Pick-ups in die W\u00fcste. Feinster Sand weht uns in Mund und Nase. Trotzdem genie\u00dfen wir den Ausritt. Wir besuchen Pl\u00e4tze an denen Hirten vor Urzeit Tiere in die Felsen geritzt haben,<\/p>\n<p><a href=\"http:\/\/www.alteisenaufreisen.de\/?attachment_id=2872\" rel=\"attachment wp-att-2872\"><img decoding=\"async\" data-attachment-id=\"2872\" data-permalink=\"http:\/\/www.alteisenaufreisen.de\/?attachment_id=2872\" data-orig-file=\"http:\/\/www.alteisenaufreisen.de\/wp-content\/uploads\/45-Wandzeichnung.jpg\" data-orig-size=\"800,533\" data-comments-opened=\"1\" data-image-meta=\"{&quot;aperture&quot;:&quot;4&quot;,&quot;credit&quot;:&quot;Paul Kage&quot;,&quot;camera&quot;:&quot;Canon EOS 6D&quot;,&quot;caption&quot;:&quot;&quot;,&quot;created_timestamp&quot;:&quot;1388761003&quot;,&quot;copyright&quot;:&quot;alteisenaufreisen&quot;,&quot;focal_length&quot;:&quot;45&quot;,&quot;iso&quot;:&quot;4000&quot;,&quot;shutter_speed&quot;:&quot;0.02&quot;,&quot;title&quot;:&quot;&quot;}\" data-image-title=\"45 Wandzeichnung\" data-image-description=\"\" data-image-caption=\"\" data-large-file=\"http:\/\/www.alteisenaufreisen.de\/wp-content\/uploads\/45-Wandzeichnung-494x329.jpg\" class=\"aligncenter size-full wp-image-2872\" src=\"http:\/\/www.alteisenaufreisen.de\/wp-content\/uploads\/45-Wandzeichnung.jpg\" alt=\"45 Wandzeichnung\" width=\"800\" height=\"533\" srcset=\"http:\/\/www.alteisenaufreisen.de\/wp-content\/uploads\/45-Wandzeichnung.jpg 800w, http:\/\/www.alteisenaufreisen.de\/wp-content\/uploads\/45-Wandzeichnung-188x125.jpg 188w, http:\/\/www.alteisenaufreisen.de\/wp-content\/uploads\/45-Wandzeichnung-494x329.jpg 494w\" sizes=\"(max-width: 767px) 89vw, (max-width: 1000px) 54vw, (max-width: 1071px) 543px, 580px\" \/><\/a><\/p>\n<p>an der an anderer Stelle die Nabat\u00e4er eine Landkarte in die am Boden liegende Sandsteinplatte geritzt haben<\/p>\n<p><a href=\"http:\/\/www.alteisenaufreisen.de\/?attachment_id=2871\" rel=\"attachment wp-att-2871\"><img decoding=\"async\" data-attachment-id=\"2871\" data-permalink=\"http:\/\/www.alteisenaufreisen.de\/?attachment_id=2871\" data-orig-file=\"http:\/\/www.alteisenaufreisen.de\/wp-content\/uploads\/44-Landkarte-der-Nabat\u00e4er.jpg\" data-orig-size=\"800,533\" data-comments-opened=\"1\" data-image-meta=\"{&quot;aperture&quot;:&quot;4&quot;,&quot;credit&quot;:&quot;Paul Kage&quot;,&quot;camera&quot;:&quot;Canon EOS 6D&quot;,&quot;caption&quot;:&quot;&quot;,&quot;created_timestamp&quot;:&quot;1388760949&quot;,&quot;copyright&quot;:&quot;alteisenaufreisen&quot;,&quot;focal_length&quot;:&quot;45&quot;,&quot;iso&quot;:&quot;1600&quot;,&quot;shutter_speed&quot;:&quot;0.025&quot;,&quot;title&quot;:&quot;&quot;}\" data-image-title=\"44 Landkarte der Nabat\u00e4er\" data-image-description=\"\" data-image-caption=\"\" data-large-file=\"http:\/\/www.alteisenaufreisen.de\/wp-content\/uploads\/44-Landkarte-der-Nabat\u00e4er-494x329.jpg\" class=\"aligncenter size-full wp-image-2871\" src=\"http:\/\/www.alteisenaufreisen.de\/wp-content\/uploads\/44-Landkarte-der-Nabat\u00e4er.jpg\" alt=\"44 Landkarte der Nabat\u00e4er\" width=\"800\" height=\"533\" srcset=\"http:\/\/www.alteisenaufreisen.de\/wp-content\/uploads\/44-Landkarte-der-Nabat\u00e4er.jpg 800w, http:\/\/www.alteisenaufreisen.de\/wp-content\/uploads\/44-Landkarte-der-Nabat\u00e4er-188x125.jpg 188w, http:\/\/www.alteisenaufreisen.de\/wp-content\/uploads\/44-Landkarte-der-Nabat\u00e4er-494x329.jpg 494w\" sizes=\"(max-width: 767px) 89vw, (max-width: 1000px) 54vw, (max-width: 1071px) 543px, 580px\" \/><\/a><\/p>\n<p>und halten an einer nat\u00fcrlichen Br\u00fccke, die einen langen Bogen \u00fcber eine Sandd\u00fcne spannt.<\/p>\n<p><a href=\"http:\/\/www.alteisenaufreisen.de\/?attachment_id=2873\" rel=\"attachment wp-att-2873\"><img decoding=\"async\" data-attachment-id=\"2873\" data-permalink=\"http:\/\/www.alteisenaufreisen.de\/?attachment_id=2873\" data-orig-file=\"http:\/\/www.alteisenaufreisen.de\/wp-content\/uploads\/46-Nat\u00fcrliche-Br\u00fccke.jpg\" data-orig-size=\"800,597\" data-comments-opened=\"1\" data-image-meta=\"{&quot;aperture&quot;:&quot;5.6&quot;,&quot;credit&quot;:&quot;Paul Kage&quot;,&quot;camera&quot;:&quot;Canon EOS 6D&quot;,&quot;caption&quot;:&quot;&quot;,&quot;created_timestamp&quot;:&quot;1388764415&quot;,&quot;copyright&quot;:&quot;alteisenaufreisen&quot;,&quot;focal_length&quot;:&quot;24&quot;,&quot;iso&quot;:&quot;100&quot;,&quot;shutter_speed&quot;:&quot;0.016666666666667&quot;,&quot;title&quot;:&quot;&quot;}\" data-image-title=\"46 Nat\u00fcrliche Br\u00fccke\" data-image-description=\"\" data-image-caption=\"\" data-large-file=\"http:\/\/www.alteisenaufreisen.de\/wp-content\/uploads\/46-Nat\u00fcrliche-Br\u00fccke-494x368.jpg\" class=\"aligncenter size-full wp-image-2873\" src=\"http:\/\/www.alteisenaufreisen.de\/wp-content\/uploads\/46-Nat\u00fcrliche-Br\u00fccke.jpg\" alt=\"46 Nat\u00fcrliche Br\u00fccke\" width=\"800\" height=\"597\" srcset=\"http:\/\/www.alteisenaufreisen.de\/wp-content\/uploads\/46-Nat\u00fcrliche-Br\u00fccke.jpg 800w, http:\/\/www.alteisenaufreisen.de\/wp-content\/uploads\/46-Nat\u00fcrliche-Br\u00fccke-188x140.jpg 188w, http:\/\/www.alteisenaufreisen.de\/wp-content\/uploads\/46-Nat\u00fcrliche-Br\u00fccke-494x368.jpg 494w\" sizes=\"(max-width: 767px) 89vw, (max-width: 1000px) 54vw, (max-width: 1071px) 543px, 580px\" \/><\/a><\/p>\n<p>Am Lagerfeuer und mit hei\u00dfem Tee erleben wir den fantastischen, farbenpr\u00e4chtigen Sonnenuntergang<\/p>\n<p><a href=\"http:\/\/www.alteisenaufreisen.de\/?attachment_id=2874\" rel=\"attachment wp-att-2874\"><img decoding=\"async\" data-attachment-id=\"2874\" data-permalink=\"http:\/\/www.alteisenaufreisen.de\/?attachment_id=2874\" data-orig-file=\"http:\/\/www.alteisenaufreisen.de\/wp-content\/uploads\/47-Sonnenuntergang-im-Wadi-Rum.jpg\" data-orig-size=\"800,533\" data-comments-opened=\"1\" data-image-meta=\"{&quot;aperture&quot;:&quot;5.6&quot;,&quot;credit&quot;:&quot;Paul Kage&quot;,&quot;camera&quot;:&quot;Canon EOS 6D&quot;,&quot;caption&quot;:&quot;&quot;,&quot;created_timestamp&quot;:&quot;1388767319&quot;,&quot;copyright&quot;:&quot;alteisenaufreisen&quot;,&quot;focal_length&quot;:&quot;105&quot;,&quot;iso&quot;:&quot;100&quot;,&quot;shutter_speed&quot;:&quot;0.005&quot;,&quot;title&quot;:&quot;&quot;}\" data-image-title=\"47 Sonnenuntergang im Wadi Rum\" data-image-description=\"\" data-image-caption=\"\" data-large-file=\"http:\/\/www.alteisenaufreisen.de\/wp-content\/uploads\/47-Sonnenuntergang-im-Wadi-Rum-494x329.jpg\" class=\"aligncenter size-full wp-image-2874\" src=\"http:\/\/www.alteisenaufreisen.de\/wp-content\/uploads\/47-Sonnenuntergang-im-Wadi-Rum.jpg\" alt=\"47 Sonnenuntergang im Wadi Rum\" width=\"800\" height=\"533\" srcset=\"http:\/\/www.alteisenaufreisen.de\/wp-content\/uploads\/47-Sonnenuntergang-im-Wadi-Rum.jpg 800w, http:\/\/www.alteisenaufreisen.de\/wp-content\/uploads\/47-Sonnenuntergang-im-Wadi-Rum-188x125.jpg 188w, http:\/\/www.alteisenaufreisen.de\/wp-content\/uploads\/47-Sonnenuntergang-im-Wadi-Rum-494x329.jpg 494w\" sizes=\"(max-width: 767px) 89vw, (max-width: 1000px) 54vw, (max-width: 1071px) 543px, 580px\" \/><\/a><\/p>\n<p>und fahren danach in stockfinsterer Nacht und wilder Fahrt auf dem Pick-up wieder zur\u00fcck ins Lager.<\/p>\n<p>Von Aqaba, der Hafenstadt am Roten Meer, f\u00fchrt uns die Reise wieder nach Norden an das Tote Meer. Entlang der Stra\u00dfe begleiten uns die bew\u00e4sserten Tomatenfelder &#8211; sie werden gerade geerntet.<\/p>\n<p><a href=\"http:\/\/www.alteisenaufreisen.de\/?attachment_id=2875\" rel=\"attachment wp-att-2875\"><img decoding=\"async\" data-attachment-id=\"2875\" data-permalink=\"http:\/\/www.alteisenaufreisen.de\/?attachment_id=2875\" data-orig-file=\"http:\/\/www.alteisenaufreisen.de\/wp-content\/uploads\/48-Nomaden.jpg\" data-orig-size=\"800,536\" data-comments-opened=\"1\" data-image-meta=\"{&quot;aperture&quot;:&quot;5.6&quot;,&quot;credit&quot;:&quot;&quot;,&quot;camera&quot;:&quot;NIKON 1 V1&quot;,&quot;caption&quot;:&quot;&quot;,&quot;created_timestamp&quot;:&quot;1388834934&quot;,&quot;copyright&quot;:&quot;&quot;,&quot;focal_length&quot;:&quot;30&quot;,&quot;iso&quot;:&quot;100&quot;,&quot;shutter_speed&quot;:&quot;0.0015625&quot;,&quot;title&quot;:&quot;&quot;}\" data-image-title=\"48 Nomaden\" data-image-description=\"\" data-image-caption=\"\" data-large-file=\"http:\/\/www.alteisenaufreisen.de\/wp-content\/uploads\/48-Nomaden-494x330.jpg\" class=\"aligncenter size-full wp-image-2875\" src=\"http:\/\/www.alteisenaufreisen.de\/wp-content\/uploads\/48-Nomaden.jpg\" alt=\"48 Nomaden\" width=\"800\" height=\"536\" srcset=\"http:\/\/www.alteisenaufreisen.de\/wp-content\/uploads\/48-Nomaden.jpg 800w, http:\/\/www.alteisenaufreisen.de\/wp-content\/uploads\/48-Nomaden-188x125.jpg 188w, http:\/\/www.alteisenaufreisen.de\/wp-content\/uploads\/48-Nomaden-494x330.jpg 494w\" sizes=\"(max-width: 767px) 89vw, (max-width: 1000px) 54vw, (max-width: 1071px) 543px, 580px\" \/><\/a><\/p>\n<p>Kleine Nomaden- Siedlungen mit den typischen Zelten sind zu sehen, hin und wieder fahren wir aber auch an kleinen D\u00f6rfern vorbei,<\/p>\n<p><a href=\"http:\/\/www.alteisenaufreisen.de\/?attachment_id=2876\" rel=\"attachment wp-att-2876\"><img decoding=\"async\" data-attachment-id=\"2876\" data-permalink=\"http:\/\/www.alteisenaufreisen.de\/?attachment_id=2876\" data-orig-file=\"http:\/\/www.alteisenaufreisen.de\/wp-content\/uploads\/49-Nomadendorf.jpg\" data-orig-size=\"800,536\" data-comments-opened=\"1\" data-image-meta=\"{&quot;aperture&quot;:&quot;5.6&quot;,&quot;credit&quot;:&quot;&quot;,&quot;camera&quot;:&quot;NIKON 1 V1&quot;,&quot;caption&quot;:&quot;&quot;,&quot;created_timestamp&quot;:&quot;1388834951&quot;,&quot;copyright&quot;:&quot;&quot;,&quot;focal_length&quot;:&quot;30&quot;,&quot;iso&quot;:&quot;100&quot;,&quot;shutter_speed&quot;:&quot;0.002&quot;,&quot;title&quot;:&quot;&quot;}\" data-image-title=\"49 Nomadendorf\" data-image-description=\"\" data-image-caption=\"\" data-large-file=\"http:\/\/www.alteisenaufreisen.de\/wp-content\/uploads\/49-Nomadendorf-494x330.jpg\" class=\"aligncenter size-full wp-image-2876\" src=\"http:\/\/www.alteisenaufreisen.de\/wp-content\/uploads\/49-Nomadendorf.jpg\" alt=\"49 Nomadendorf\" width=\"800\" height=\"536\" srcset=\"http:\/\/www.alteisenaufreisen.de\/wp-content\/uploads\/49-Nomadendorf.jpg 800w, http:\/\/www.alteisenaufreisen.de\/wp-content\/uploads\/49-Nomadendorf-188x125.jpg 188w, http:\/\/www.alteisenaufreisen.de\/wp-content\/uploads\/49-Nomadendorf-494x330.jpg 494w\" sizes=\"(max-width: 767px) 89vw, (max-width: 1000px) 54vw, (max-width: 1071px) 543px, 580px\" \/><\/a><\/p>\n<p>in denen die Nomaden sesshaft gemacht wurden. F\u00fcr uns sieht es so aus, als ob sie sich nicht recht entschlie\u00dfen k\u00f6nnten wirklich sesshaft zu werden.<\/p>\n<p>Am Toten Meer, es liegt tr\u00e4ge in der Sonne und wir haben um die 20\u00b0 C, f\u00fchrt die Stra\u00dfe an schroffen Felsen vorbei. Unausweichlich, wie k\u00f6nnte es anders sein, kommt uns die Salzs\u00e4ule von der Frau Lot in den Weg.<\/p>\n<p><a href=\"http:\/\/www.alteisenaufreisen.de\/?attachment_id=2878\" rel=\"attachment wp-att-2878\"><img decoding=\"async\" data-attachment-id=\"2878\" data-permalink=\"http:\/\/www.alteisenaufreisen.de\/?attachment_id=2878\" data-orig-file=\"http:\/\/www.alteisenaufreisen.de\/wp-content\/uploads\/52-Lots-Frau-Salzs\u00e4ule.jpg\" data-orig-size=\"800,533\" data-comments-opened=\"1\" data-image-meta=\"{&quot;aperture&quot;:&quot;4.5&quot;,&quot;credit&quot;:&quot;Paul Kage&quot;,&quot;camera&quot;:&quot;Canon EOS 6D&quot;,&quot;caption&quot;:&quot;&quot;,&quot;created_timestamp&quot;:&quot;1388837518&quot;,&quot;copyright&quot;:&quot;alteisenaufreisen&quot;,&quot;focal_length&quot;:&quot;47&quot;,&quot;iso&quot;:&quot;160&quot;,&quot;shutter_speed&quot;:&quot;0.002&quot;,&quot;title&quot;:&quot;&quot;}\" data-image-title=\"52 Lot&amp;#8217;s Frau-Salzs\u00e4ule\" data-image-description=\"\" data-image-caption=\"\" data-large-file=\"http:\/\/www.alteisenaufreisen.de\/wp-content\/uploads\/52-Lots-Frau-Salzs\u00e4ule-494x329.jpg\" class=\"aligncenter size-full wp-image-2878\" src=\"http:\/\/www.alteisenaufreisen.de\/wp-content\/uploads\/52-Lots-Frau-Salzs\u00e4ule.jpg\" alt=\"52 Lot's Frau-Salzs\u00e4ule\" width=\"800\" height=\"533\" srcset=\"http:\/\/www.alteisenaufreisen.de\/wp-content\/uploads\/52-Lots-Frau-Salzs\u00e4ule.jpg 800w, http:\/\/www.alteisenaufreisen.de\/wp-content\/uploads\/52-Lots-Frau-Salzs\u00e4ule-188x125.jpg 188w, http:\/\/www.alteisenaufreisen.de\/wp-content\/uploads\/52-Lots-Frau-Salzs\u00e4ule-494x329.jpg 494w\" sizes=\"(max-width: 767px) 89vw, (max-width: 1000px) 54vw, (max-width: 1071px) 543px, 580px\" \/><\/a><\/p>\n<p>Sie steht schlank und rank an einem Hang \u00fcber der Stra\u00dfe &#8211; muss eine echter Verlust f\u00fcr den Lot gewesen sein.<\/p>\n<p>Kurz bevor der Jordan in das Tote Meer m\u00fcndet, so sagen die \u00dcberlieferungen, soll sich die Stelle befinden, an der Johannes der T\u00e4ufer Jesus getauft hat.<\/p>\n<p>Die Stelle am Jordan ist von beiden Seiten zug\u00e4nglich. Schon in den 1990er Jahren haben Israelis und Jordanier die Minen weg ger\u00e4umt und es den (christlichen) Touristen erm\u00f6glicht, die Stelle zu besuchen. Trotzdem pr\u00e4sentieren sowohl israelische wie jordanische Fremdenf\u00fchrer die jeweils authentische Taufstelle auf jeweils ihrem Gebiet.<\/p>\n<p>Die besseren Karten d\u00fcrften aber die Jordanier haben, denn auf dem Mosaik von Madaba (hier ist es wieder, s.o.) wird sie auf ihrer, der Ostseite, dargestellt und f\u00fcr die Katholiken hat Johannes-Paul II die Stelle in Jordanien als die authentische quasi zertifiziert.<\/p>\n<p><a href=\"http:\/\/www.alteisenaufreisen.de\/?attachment_id=2879\" rel=\"attachment wp-att-2879\"><img decoding=\"async\" data-attachment-id=\"2879\" data-permalink=\"http:\/\/www.alteisenaufreisen.de\/?attachment_id=2879\" data-orig-file=\"http:\/\/www.alteisenaufreisen.de\/wp-content\/uploads\/53-Taufstelle-Jesu.jpg\" data-orig-size=\"800,533\" data-comments-opened=\"1\" data-image-meta=\"{&quot;aperture&quot;:&quot;11&quot;,&quot;credit&quot;:&quot;Paul Kage&quot;,&quot;camera&quot;:&quot;Canon EOS 6D&quot;,&quot;caption&quot;:&quot;&quot;,&quot;created_timestamp&quot;:&quot;1388842553&quot;,&quot;copyright&quot;:&quot;alteisenaufreisen&quot;,&quot;focal_length&quot;:&quot;24&quot;,&quot;iso&quot;:&quot;100&quot;,&quot;shutter_speed&quot;:&quot;0.02&quot;,&quot;title&quot;:&quot;&quot;}\" data-image-title=\"53 Taufstelle Jesu\" data-image-description=\"\" data-image-caption=\"\" data-large-file=\"http:\/\/www.alteisenaufreisen.de\/wp-content\/uploads\/53-Taufstelle-Jesu-494x329.jpg\" class=\"aligncenter size-full wp-image-2879\" src=\"http:\/\/www.alteisenaufreisen.de\/wp-content\/uploads\/53-Taufstelle-Jesu.jpg\" alt=\"53 Taufstelle Jesu\" width=\"800\" height=\"533\" srcset=\"http:\/\/www.alteisenaufreisen.de\/wp-content\/uploads\/53-Taufstelle-Jesu.jpg 800w, http:\/\/www.alteisenaufreisen.de\/wp-content\/uploads\/53-Taufstelle-Jesu-188x125.jpg 188w, http:\/\/www.alteisenaufreisen.de\/wp-content\/uploads\/53-Taufstelle-Jesu-494x329.jpg 494w\" sizes=\"(max-width: 767px) 89vw, (max-width: 1000px) 54vw, (max-width: 1071px) 543px, 580px\" \/><\/a><\/p>\n<p>So werden wir von Mahmut, unserem jordanischen Reisef\u00fchrer, nat\u00fcrlich an den &#8218;richtigen&#8216; Platz gef\u00fchrt. Er liegt z. Zt. trocken, f\u00fchrt aber hin und wieder Wasser, wie Fotos zeigen.<\/p>\n<p>Am Jordan stehen wir in einem Unterstand auf Holztreppen vor einem ca. 15 m breiten Fl\u00fcsschen. Gegen\u00fcber, auf der israelischen Seite, sehen wir eine Menge Touristen und eine sehr professionelle Touristen-Infrastruktur.<\/p>\n<p><a href=\"http:\/\/www.alteisenaufreisen.de\/?attachment_id=2882\" rel=\"attachment wp-att-2882\"><img decoding=\"async\" data-attachment-id=\"2882\" data-permalink=\"http:\/\/www.alteisenaufreisen.de\/?attachment_id=2882\" data-orig-file=\"http:\/\/www.alteisenaufreisen.de\/wp-content\/uploads\/56-Jordan-Blick-nach-Israel.jpg\" data-orig-size=\"800,536\" data-comments-opened=\"1\" data-image-meta=\"{&quot;aperture&quot;:&quot;5.6&quot;,&quot;credit&quot;:&quot;&quot;,&quot;camera&quot;:&quot;NIKON 1 V1&quot;,&quot;caption&quot;:&quot;&quot;,&quot;created_timestamp&quot;:&quot;1388843798&quot;,&quot;copyright&quot;:&quot;&quot;,&quot;focal_length&quot;:&quot;10&quot;,&quot;iso&quot;:&quot;100&quot;,&quot;shutter_speed&quot;:&quot;0.002&quot;,&quot;title&quot;:&quot;&quot;}\" data-image-title=\"56 Jordan-Blick nach Israel\" data-image-description=\"\" data-image-caption=\"\" data-large-file=\"http:\/\/www.alteisenaufreisen.de\/wp-content\/uploads\/56-Jordan-Blick-nach-Israel-494x330.jpg\" class=\"aligncenter size-full wp-image-2882\" src=\"http:\/\/www.alteisenaufreisen.de\/wp-content\/uploads\/56-Jordan-Blick-nach-Israel.jpg\" alt=\"56 Jordan-Blick nach Israel\" width=\"800\" height=\"536\" srcset=\"http:\/\/www.alteisenaufreisen.de\/wp-content\/uploads\/56-Jordan-Blick-nach-Israel.jpg 800w, http:\/\/www.alteisenaufreisen.de\/wp-content\/uploads\/56-Jordan-Blick-nach-Israel-188x125.jpg 188w, http:\/\/www.alteisenaufreisen.de\/wp-content\/uploads\/56-Jordan-Blick-nach-Israel-494x330.jpg 494w\" sizes=\"(max-width: 767px) 89vw, (max-width: 1000px) 54vw, (max-width: 1071px) 543px, 580px\" \/><\/a><\/p>\n<p>Eine Gruppe von Pilgern steigt in wei\u00dfen Kleidern in die braune Br\u00fche und vollzieht das vor 2000 Jahren Geschehene f\u00fcr sich nach.<\/p>\n<p><a href=\"http:\/\/www.alteisenaufreisen.de\/?attachment_id=2880\" rel=\"attachment wp-att-2880\"><img decoding=\"async\" data-attachment-id=\"2880\" data-permalink=\"http:\/\/www.alteisenaufreisen.de\/?attachment_id=2880\" data-orig-file=\"http:\/\/www.alteisenaufreisen.de\/wp-content\/uploads\/54-T\u00e4uflinge-am-Jordan.jpg\" data-orig-size=\"800,533\" data-comments-opened=\"1\" data-image-meta=\"{&quot;aperture&quot;:&quot;10&quot;,&quot;credit&quot;:&quot;Paul Kage&quot;,&quot;camera&quot;:&quot;Canon EOS 6D&quot;,&quot;caption&quot;:&quot;&quot;,&quot;created_timestamp&quot;:&quot;1388843573&quot;,&quot;copyright&quot;:&quot;alteisenaufreisen&quot;,&quot;focal_length&quot;:&quot;47&quot;,&quot;iso&quot;:&quot;125&quot;,&quot;shutter_speed&quot;:&quot;0.025&quot;,&quot;title&quot;:&quot;&quot;}\" data-image-title=\"54 T\u00e4uflinge am Jordan\" data-image-description=\"\" data-image-caption=\"\" data-large-file=\"http:\/\/www.alteisenaufreisen.de\/wp-content\/uploads\/54-T\u00e4uflinge-am-Jordan-494x329.jpg\" class=\"aligncenter size-full wp-image-2880\" src=\"http:\/\/www.alteisenaufreisen.de\/wp-content\/uploads\/54-T\u00e4uflinge-am-Jordan.jpg\" alt=\"54 T\u00e4uflinge am Jordan\" width=\"800\" height=\"533\" srcset=\"http:\/\/www.alteisenaufreisen.de\/wp-content\/uploads\/54-T\u00e4uflinge-am-Jordan.jpg 800w, http:\/\/www.alteisenaufreisen.de\/wp-content\/uploads\/54-T\u00e4uflinge-am-Jordan-188x125.jpg 188w, http:\/\/www.alteisenaufreisen.de\/wp-content\/uploads\/54-T\u00e4uflinge-am-Jordan-494x329.jpg 494w\" sizes=\"(max-width: 767px) 89vw, (max-width: 1000px) 54vw, (max-width: 1071px) 543px, 580px\" \/><\/a><\/p>\n<p>Auf der jordanischen Seite geht es viel ruhiger zu. Wir sind, zusammen mit ein paar einzelnen Besuchern, nicht mehr als 25 Leute am Fluss.<\/p>\n<p><a href=\"http:\/\/www.alteisenaufreisen.de\/?attachment_id=2881\" rel=\"attachment wp-att-2881\"><img decoding=\"async\" data-attachment-id=\"2881\" data-permalink=\"http:\/\/www.alteisenaufreisen.de\/?attachment_id=2881\" data-orig-file=\"http:\/\/www.alteisenaufreisen.de\/wp-content\/uploads\/55-am-Jordan.jpg\" data-orig-size=\"800,536\" data-comments-opened=\"1\" data-image-meta=\"{&quot;aperture&quot;:&quot;5.6&quot;,&quot;credit&quot;:&quot;&quot;,&quot;camera&quot;:&quot;NIKON 1 V1&quot;,&quot;caption&quot;:&quot;&quot;,&quot;created_timestamp&quot;:&quot;1388843712&quot;,&quot;copyright&quot;:&quot;&quot;,&quot;focal_length&quot;:&quot;10&quot;,&quot;iso&quot;:&quot;100&quot;,&quot;shutter_speed&quot;:&quot;0.002&quot;,&quot;title&quot;:&quot;&quot;}\" data-image-title=\"55 am Jordan\" data-image-description=\"\" data-image-caption=\"\" data-large-file=\"http:\/\/www.alteisenaufreisen.de\/wp-content\/uploads\/55-am-Jordan-494x330.jpg\" class=\"aligncenter size-full wp-image-2881\" src=\"http:\/\/www.alteisenaufreisen.de\/wp-content\/uploads\/55-am-Jordan.jpg\" alt=\"55 am Jordan\" width=\"800\" height=\"536\" srcset=\"http:\/\/www.alteisenaufreisen.de\/wp-content\/uploads\/55-am-Jordan.jpg 800w, http:\/\/www.alteisenaufreisen.de\/wp-content\/uploads\/55-am-Jordan-188x125.jpg 188w, http:\/\/www.alteisenaufreisen.de\/wp-content\/uploads\/55-am-Jordan-494x330.jpg 494w\" sizes=\"(max-width: 767px) 89vw, (max-width: 1000px) 54vw, (max-width: 1071px) 543px, 580px\" \/><\/a><\/p>\n<p>Die Situation zwischen den beiden L\u00e4nder scheint sehr entspannt zu sein. Jede der beiden Seiten hat je zwei Soldaten, leicht bewaffnet, zur Bewachung aufgestellt, mehr nicht. Offensichtlich gibt es keinen Grund sich voreinander zu f\u00fcrchten. Ansonsten wird der Platz den Touristen \u00fcberlassen. Wir f\u00fchlen uns keineswegs an der Front.<\/p>\n<p>&nbsp;<\/p>\n<p>Mit einem Bad im Toten Meer bis zum Sonnenuntergang beschlie\u00dfen wir den Besuch eines \u00fcberraschend abwechslungsreichen Landes.<\/p>\n<p><a href=\"http:\/\/www.alteisenaufreisen.de\/?attachment_id=2883\" rel=\"attachment wp-att-2883\"><img decoding=\"async\" data-attachment-id=\"2883\" data-permalink=\"http:\/\/www.alteisenaufreisen.de\/?attachment_id=2883\" data-orig-file=\"http:\/\/www.alteisenaufreisen.de\/wp-content\/uploads\/57-Sonnenuntergang-am-Toten-Meer.jpg\" data-orig-size=\"800,536\" data-comments-opened=\"1\" data-image-meta=\"{&quot;aperture&quot;:&quot;8&quot;,&quot;credit&quot;:&quot;&quot;,&quot;camera&quot;:&quot;NIKON 1 V1&quot;,&quot;caption&quot;:&quot;&quot;,&quot;created_timestamp&quot;:&quot;1388851824&quot;,&quot;copyright&quot;:&quot;&quot;,&quot;focal_length&quot;:&quot;30&quot;,&quot;iso&quot;:&quot;100&quot;,&quot;shutter_speed&quot;:&quot;0.001&quot;,&quot;title&quot;:&quot;&quot;}\" data-image-title=\"57 Sonnenuntergang am Toten Meer\" data-image-description=\"\" data-image-caption=\"\" data-large-file=\"http:\/\/www.alteisenaufreisen.de\/wp-content\/uploads\/57-Sonnenuntergang-am-Toten-Meer-494x330.jpg\" class=\"aligncenter size-full wp-image-2883\" src=\"http:\/\/www.alteisenaufreisen.de\/wp-content\/uploads\/57-Sonnenuntergang-am-Toten-Meer.jpg\" alt=\"57 Sonnenuntergang am Toten Meer\" width=\"800\" height=\"536\" srcset=\"http:\/\/www.alteisenaufreisen.de\/wp-content\/uploads\/57-Sonnenuntergang-am-Toten-Meer.jpg 800w, http:\/\/www.alteisenaufreisen.de\/wp-content\/uploads\/57-Sonnenuntergang-am-Toten-Meer-188x125.jpg 188w, http:\/\/www.alteisenaufreisen.de\/wp-content\/uploads\/57-Sonnenuntergang-am-Toten-Meer-494x330.jpg 494w\" sizes=\"(max-width: 767px) 89vw, (max-width: 1000px) 54vw, (max-width: 1071px) 543px, 580px\" \/><\/a><\/p>\n<p>Das Land und die Leute haben uns eine Menge gelehrt. Wir konnten sehen, dass es in der arabischen Welt trotz st\u00fcrmischer Zeiten ein Land gibt, das sich bisher gegen feindliche, politische Str\u00f6mungen wehren und Ruhe bewahren konnte. Wir haben auch gesehen, dass es keine populistische Diskussion dar\u00fcber gibt, ob den in Not geratenen Nachbarn geholfen werden soll &#8211; es wird trotz eigener Einbu\u00dfen geholfen. Wir konnten uns auch von der Toleranz der gro\u00dfen Mehrheit der Leute gegen\u00fcber Andersgl\u00e4ubigen \u00fcberzeugen und wir konnten sehen, dass das Land verantwortungsvoll mit dem Erbe aus alten Zeiten umgeht.<\/p>\n<p>So gesehen, haben wir ein nicht sehr reiches Land mit einem gro\u00dfen Herzen besucht. Vielen Dank f\u00fcr die Lehrstunde.<\/p>\n","protected":false},"excerpt":{"rendered":"<p>Obwohl bei uns der Winter nicht recht einziehen will, nehmen wir uns &#8211; dieses Mal nicht auf dem Motorrad &#8211; ein Ziel vor, das neben einer ganzen Menge Kultur auch etwas w\u00e4rmere Temperaturen verspricht.<\/p>\n","protected":false},"author":2,"featured_media":2861,"comment_status":"open","ping_status":"open","sticky":false,"template":"","format":"standard","meta":{"ngg_post_thumbnail":0,"_jetpack_memberships_contains_paid_content":false,"footnotes":"","jetpack_publicize_message":"","jetpack_publicize_feature_enabled":true,"jetpack_social_post_already_shared":false,"jetpack_social_options":{"image_generator_settings":{"template":"highway","default_image_id":0,"font":"","enabled":false},"version":2}},"categories":[1,30],"tags":[53],"class_list":["post-2889","post","type-post","status-publish","format-standard","has-post-thumbnail","hentry","category-allgemein","category-jordanien","tag-jordanienreise"],"jetpack_publicize_connections":[],"jetpack_featured_media_url":"http:\/\/www.alteisenaufreisen.de\/wp-content\/uploads\/34-Petra-el-Siq.jpg","jetpack_sharing_enabled":true,"_links":{"self":[{"href":"http:\/\/www.alteisenaufreisen.de\/index.php?rest_route=\/wp\/v2\/posts\/2889","targetHints":{"allow":["GET"]}}],"collection":[{"href":"http:\/\/www.alteisenaufreisen.de\/index.php?rest_route=\/wp\/v2\/posts"}],"about":[{"href":"http:\/\/www.alteisenaufreisen.de\/index.php?rest_route=\/wp\/v2\/types\/post"}],"author":[{"embeddable":true,"href":"http:\/\/www.alteisenaufreisen.de\/index.php?rest_route=\/wp\/v2\/users\/2"}],"replies":[{"embeddable":true,"href":"http:\/\/www.alteisenaufreisen.de\/index.php?rest_route=%2Fwp%2Fv2%2Fcomments&post=2889"}],"version-history":[{"count":10,"href":"http:\/\/www.alteisenaufreisen.de\/index.php?rest_route=\/wp\/v2\/posts\/2889\/revisions"}],"predecessor-version":[{"id":51594,"href":"http:\/\/www.alteisenaufreisen.de\/index.php?rest_route=\/wp\/v2\/posts\/2889\/revisions\/51594"}],"wp:featuredmedia":[{"embeddable":true,"href":"http:\/\/www.alteisenaufreisen.de\/index.php?rest_route=\/wp\/v2\/media\/2861"}],"wp:attachment":[{"href":"http:\/\/www.alteisenaufreisen.de\/index.php?rest_route=%2Fwp%2Fv2%2Fmedia&parent=2889"}],"wp:term":[{"taxonomy":"category","embeddable":true,"href":"http:\/\/www.alteisenaufreisen.de\/index.php?rest_route=%2Fwp%2Fv2%2Fcategories&post=2889"},{"taxonomy":"post_tag","embeddable":true,"href":"http:\/\/www.alteisenaufreisen.de\/index.php?rest_route=%2Fwp%2Fv2%2Ftags&post=2889"}],"curies":[{"name":"wp","href":"https:\/\/api.w.org\/{rel}","templated":true}]}}