{"id":406,"date":"2010-11-26T15:35:43","date_gmt":"2010-11-26T13:35:43","guid":{"rendered":"http:\/\/www.alteisenaufreisen.de\/?p=406"},"modified":"2017-07-25T22:57:52","modified_gmt":"2017-07-25T20:57:52","slug":"vulkane-und-kaffee-eine-gute-mischung","status":"publish","type":"post","link":"http:\/\/www.alteisenaufreisen.de\/?p=406","title":{"rendered":"Vulkane und Kaffee, eine gute Mischung"},"content":{"rendered":"<p>Als wir die Grenze nach Guatemala \u00fcberschritten hatten, es war eine Prozedur, von der wir annehmen, dass sie sich bei jedem Grenz\u00fcbertritt in Abwandlungen wieder ereignen wird, hat uns die Nacht von unserem&nbsp; Vorhaben<!--more--> bis an den Lago de Atitl\u00e1n zu fahren, abgehalten. Wir \u00fcbernachten also an der Panamericana und fahren am n\u00e4chsten Tag an den See, wo uns der Anblick der ersten Vulkane in Guatemala erwartet.<\/p>\n<p><a href=\"http:\/\/www.alteisenaufreisen.de\/?attachment_id=2976\" rel=\"attachment wp-att-2976\"><img decoding=\"async\" data-attachment-id=\"2976\" data-permalink=\"http:\/\/www.alteisenaufreisen.de\/?attachment_id=2976\" data-orig-file=\"http:\/\/www.alteisenaufreisen.de\/wp-content\/uploads\/Vulkane-und-Kaffee-01.jpg\" data-orig-size=\"800,533\" data-comments-opened=\"1\" data-image-meta=\"{&quot;aperture&quot;:&quot;11&quot;,&quot;credit&quot;:&quot;unknown&quot;,&quot;camera&quot;:&quot;Canon EOS 400D DIGITAL&quot;,&quot;caption&quot;:&quot;&quot;,&quot;created_timestamp&quot;:&quot;1290158454&quot;,&quot;copyright&quot;:&quot;&quot;,&quot;focal_length&quot;:&quot;19&quot;,&quot;iso&quot;:&quot;200&quot;,&quot;shutter_speed&quot;:&quot;0.004&quot;,&quot;title&quot;:&quot;&quot;}\" data-image-title=\"Vulkane und Kaffee 01\" data-image-description=\"\" data-image-caption=\"\" data-large-file=\"http:\/\/www.alteisenaufreisen.de\/wp-content\/uploads\/Vulkane-und-Kaffee-01.jpg\" class=\"aligncenter size-full wp-image-2976\" src=\"http:\/\/www.alteisenaufreisen.de\/wp-content\/uploads\/Vulkane-und-Kaffee-01.jpg\" alt=\"Vulkane und Kaffee 01\" width=\"800\" height=\"533\" srcset=\"http:\/\/www.alteisenaufreisen.de\/wp-content\/uploads\/Vulkane-und-Kaffee-01.jpg 800w, http:\/\/www.alteisenaufreisen.de\/wp-content\/uploads\/Vulkane-und-Kaffee-01-688x458.jpg 688w\" sizes=\"(max-width: 767px) 89vw, (max-width: 1000px) 54vw, (max-width: 1071px) 543px, 580px\" \/><\/a><\/p>\n<p>Leider ist die Strasse von Solol\u00e1 nach Panajachel (sprich:Panachatschel) in der vergangenen Regenzeit zerst\u00f6rt worden, so k\u00f6nnen wir die Fahrt nicht fortsetzten &#8211; es bleibt bei den Fotos und dem Weg zur\u00fcck auf die Panamericana, wo uns in 2500 m K\u00e4lte und Regen empf\u00e4ngt. Nach einer Stunde Fahrzeit biegen wir auf die Strasse nach Antigua ab. Die Stadt wird den Lesern des Blog schon bekannt vorkommen.<\/p>\n<p><a href=\"http:\/\/www.alteisenaufreisen.de\/?attachment_id=2979\" rel=\"attachment wp-att-2979\"><img decoding=\"async\" data-attachment-id=\"2979\" data-permalink=\"http:\/\/www.alteisenaufreisen.de\/?attachment_id=2979\" data-orig-file=\"http:\/\/www.alteisenaufreisen.de\/wp-content\/uploads\/Vulkane-und-Kaffee-02.jpg\" data-orig-size=\"800,533\" data-comments-opened=\"1\" data-image-meta=\"{&quot;aperture&quot;:&quot;13&quot;,&quot;credit&quot;:&quot;&quot;,&quot;camera&quot;:&quot;Canon EOS 400D DIGITAL&quot;,&quot;caption&quot;:&quot;&quot;,&quot;created_timestamp&quot;:&quot;1290411578&quot;,&quot;copyright&quot;:&quot;&quot;,&quot;focal_length&quot;:&quot;35&quot;,&quot;iso&quot;:&quot;200&quot;,&quot;shutter_speed&quot;:&quot;0.004&quot;,&quot;title&quot;:&quot;&quot;}\" data-image-title=\"Vulkane und Kaffee 02\" data-image-description=\"\" data-image-caption=\"\" data-large-file=\"http:\/\/www.alteisenaufreisen.de\/wp-content\/uploads\/Vulkane-und-Kaffee-02.jpg\" class=\"aligncenter size-full wp-image-2979\" src=\"http:\/\/www.alteisenaufreisen.de\/wp-content\/uploads\/Vulkane-und-Kaffee-02.jpg\" alt=\"Vulkane und Kaffee 02\" width=\"800\" height=\"533\" srcset=\"http:\/\/www.alteisenaufreisen.de\/wp-content\/uploads\/Vulkane-und-Kaffee-02.jpg 800w, http:\/\/www.alteisenaufreisen.de\/wp-content\/uploads\/Vulkane-und-Kaffee-02-688x458.jpg 688w\" sizes=\"(max-width: 767px) 89vw, (max-width: 1000px) 54vw, (max-width: 1071px) 543px, 580px\" \/><\/a><\/p>\n<p>Klar, dass wir hier f\u00fcr das Wochenende eine Pause einlegen. Wir besuchen Klaus, im Jardin Bavaria, freuen uns \u00fcber sein Tucher Wei\u00dfbier und genie\u00dfen das Stadtleben.<\/p>\n<p><a href=\"http:\/\/www.alteisenaufreisen.de\/?attachment_id=2977\" rel=\"attachment wp-att-2977\"><img decoding=\"async\" data-attachment-id=\"2977\" data-permalink=\"http:\/\/www.alteisenaufreisen.de\/?attachment_id=2977\" data-orig-file=\"http:\/\/www.alteisenaufreisen.de\/wp-content\/uploads\/Vulkane-und-Kaffee-03.jpg\" data-orig-size=\"800,533\" data-comments-opened=\"1\" data-image-meta=\"{&quot;aperture&quot;:&quot;9&quot;,&quot;credit&quot;:&quot;unknown&quot;,&quot;camera&quot;:&quot;Canon EOS 400D DIGITAL&quot;,&quot;caption&quot;:&quot;&quot;,&quot;created_timestamp&quot;:&quot;1290173269&quot;,&quot;copyright&quot;:&quot;&quot;,&quot;focal_length&quot;:&quot;15&quot;,&quot;iso&quot;:&quot;200&quot;,&quot;shutter_speed&quot;:&quot;0.005&quot;,&quot;title&quot;:&quot;&quot;}\" data-image-title=\"Vulkane und Kaffee 03\" data-image-description=\"\" data-image-caption=\"\" data-large-file=\"http:\/\/www.alteisenaufreisen.de\/wp-content\/uploads\/Vulkane-und-Kaffee-03.jpg\" class=\"aligncenter size-full wp-image-2977\" src=\"http:\/\/www.alteisenaufreisen.de\/wp-content\/uploads\/Vulkane-und-Kaffee-03.jpg\" alt=\"Vulkane und Kaffee 03\" width=\"800\" height=\"533\" srcset=\"http:\/\/www.alteisenaufreisen.de\/wp-content\/uploads\/Vulkane-und-Kaffee-03.jpg 800w, http:\/\/www.alteisenaufreisen.de\/wp-content\/uploads\/Vulkane-und-Kaffee-03-688x458.jpg 688w\" sizes=\"(max-width: 767px) 89vw, (max-width: 1000px) 54vw, (max-width: 1071px) 543px, 580px\" \/><\/a>Wir sind in einem Land mit \u00fcber 30 Vulkanen und da bietet es sich an, die Motorr\u00e4der mit den Wanderstiefeln zu tauschen und auf den richtig aktiven Pacaya (2554 m) zu steigen. Er ist der spektakul\u00e4rste in dieser Gegend. Mit einem kleinen Touristenbus werden wir in knapp zwei Stunden zum Ausgangsort unserer Vulkanwanderung gebracht. Ausger\u00fcstet mit Taschenlampe f\u00fcr den R\u00fcckweg starten wir gegen vier Uhr nachmittags den Aufstieg an der Flanke des Vulkans. Der Weg f\u00fchrt durch einen gerade wieder ergr\u00fcnenden Wald; die \u00dcberreste einer H\u00fctte liegen am Wegrand. Die \u00f6rtlichen Fremdenf\u00fchrer erz\u00e4hlen uns, dass der Vulkan erst heuer im Mai ausgebrochen ist und er eine Stunde und zehn Minuten lang mit Steinen um sich geworfen hat. Seither fehlt die Spitze des Vulkans, sie wurde abgesprengt. Nach gut einer Stunde Aufstieg erreichen wir die untere Grenze des Lavafeldes; gleichzeitig ziehen Wolken von der anderen Seite des Berges herein und wir bekommen einen Sonnenuntergang ganz besonderer Art geboten. Aber seht selbst:<\/p>\n<p><a href=\"http:\/\/www.alteisenaufreisen.de\/?attachment_id=2978\" rel=\"attachment wp-att-2978\"><img decoding=\"async\" data-attachment-id=\"2978\" data-permalink=\"http:\/\/www.alteisenaufreisen.de\/?attachment_id=2978\" data-orig-file=\"http:\/\/www.alteisenaufreisen.de\/wp-content\/uploads\/Vulkane-und-Kaffee-05.jpg\" data-orig-size=\"800,533\" data-comments-opened=\"1\" data-image-meta=\"{&quot;aperture&quot;:&quot;6.3&quot;,&quot;credit&quot;:&quot;&quot;,&quot;camera&quot;:&quot;Canon EOS 400D DIGITAL&quot;,&quot;caption&quot;:&quot;&quot;,&quot;created_timestamp&quot;:&quot;1290352665&quot;,&quot;copyright&quot;:&quot;&quot;,&quot;focal_length&quot;:&quot;154&quot;,&quot;iso&quot;:&quot;200&quot;,&quot;shutter_speed&quot;:&quot;0.002&quot;,&quot;title&quot;:&quot;&quot;}\" data-image-title=\"Vulkane und Kaffee 05\" data-image-description=\"\" data-image-caption=\"\" data-large-file=\"http:\/\/www.alteisenaufreisen.de\/wp-content\/uploads\/Vulkane-und-Kaffee-05.jpg\" class=\"aligncenter size-full wp-image-2978\" src=\"http:\/\/www.alteisenaufreisen.de\/wp-content\/uploads\/Vulkane-und-Kaffee-05.jpg\" alt=\"Vulkane und Kaffee 05\" width=\"800\" height=\"533\" srcset=\"http:\/\/www.alteisenaufreisen.de\/wp-content\/uploads\/Vulkane-und-Kaffee-05.jpg 800w, http:\/\/www.alteisenaufreisen.de\/wp-content\/uploads\/Vulkane-und-Kaffee-05-688x458.jpg 688w\" sizes=\"(max-width: 767px) 89vw, (max-width: 1000px) 54vw, (max-width: 1071px) 543px, 580px\" \/><\/a><\/p>\n<p><a href=\"http:\/\/www.alteisenaufreisen.de\/wp-content\/uploads\/Vulkane-und-Kaffee-061.jpg\"><img decoding=\"async\" data-attachment-id=\"408\" data-permalink=\"http:\/\/www.alteisenaufreisen.de\/?attachment_id=408\" data-orig-file=\"http:\/\/www.alteisenaufreisen.de\/wp-content\/uploads\/Vulkane-und-Kaffee-061.jpg\" data-orig-size=\"800,533\" data-comments-opened=\"1\" data-image-meta=\"{&quot;aperture&quot;:&quot;6.3&quot;,&quot;credit&quot;:&quot;&quot;,&quot;camera&quot;:&quot;Canon EOS 400D DIGITAL&quot;,&quot;caption&quot;:&quot;&quot;,&quot;created_timestamp&quot;:&quot;1290360464&quot;,&quot;copyright&quot;:&quot;&quot;,&quot;focal_length&quot;:&quot;22&quot;,&quot;iso&quot;:&quot;400&quot;,&quot;shutter_speed&quot;:&quot;0.0166666666667&quot;,&quot;title&quot;:&quot;&quot;}\" data-image-title=\"Auf dem Pacaya\" data-image-description=\"\" data-image-caption=\"\" data-large-file=\"http:\/\/www.alteisenaufreisen.de\/wp-content\/uploads\/Vulkane-und-Kaffee-061-494x329.jpg\" class=\"aligncenter size-large wp-image-408\" title=\"Auf dem Pacaya\" src=\"http:\/\/www.alteisenaufreisen.de\/wp-content\/uploads\/Vulkane-und-Kaffee-061-494x329.jpg\" alt=\"\" width=\"494\" height=\"329\" srcset=\"http:\/\/www.alteisenaufreisen.de\/wp-content\/uploads\/Vulkane-und-Kaffee-061-494x329.jpg 494w, http:\/\/www.alteisenaufreisen.de\/wp-content\/uploads\/Vulkane-und-Kaffee-061-188x125.jpg 188w, http:\/\/www.alteisenaufreisen.de\/wp-content\/uploads\/Vulkane-und-Kaffee-061.jpg 800w\" sizes=\"(max-width: 494px) 100vw, 494px\" \/><\/a><\/p>\n<p style=\"text-align: left;\"><a href=\"http:\/\/www.alteisenaufreisen.de\/wp-content\/uploads\/Vulkane-und-Kaffee-07.jpg\"><img decoding=\"async\" data-attachment-id=\"409\" data-permalink=\"http:\/\/www.alteisenaufreisen.de\/?attachment_id=409\" data-orig-file=\"http:\/\/www.alteisenaufreisen.de\/wp-content\/uploads\/Vulkane-und-Kaffee-07.jpg\" data-orig-size=\"800,533\" data-comments-opened=\"1\" data-image-meta=\"{&quot;aperture&quot;:&quot;3.5&quot;,&quot;credit&quot;:&quot;&quot;,&quot;camera&quot;:&quot;Canon EOS 400D DIGITAL&quot;,&quot;caption&quot;:&quot;&quot;,&quot;created_timestamp&quot;:&quot;1290361825&quot;,&quot;copyright&quot;:&quot;&quot;,&quot;focal_length&quot;:&quot;15&quot;,&quot;iso&quot;:&quot;800&quot;,&quot;shutter_speed&quot;:&quot;0.6&quot;,&quot;title&quot;:&quot;&quot;}\" data-image-title=\"Vulkane und Kaffee 07\" data-image-description=\"\" data-image-caption=\"\" data-large-file=\"http:\/\/www.alteisenaufreisen.de\/wp-content\/uploads\/Vulkane-und-Kaffee-07-494x329.jpg\" class=\"aligncenter size-large wp-image-409\" title=\"Feuer aus der Erde\" src=\"http:\/\/www.alteisenaufreisen.de\/wp-content\/uploads\/Vulkane-und-Kaffee-07-494x329.jpg\" alt=\"\" width=\"494\" height=\"329\" srcset=\"http:\/\/www.alteisenaufreisen.de\/wp-content\/uploads\/Vulkane-und-Kaffee-07-494x329.jpg 494w, http:\/\/www.alteisenaufreisen.de\/wp-content\/uploads\/Vulkane-und-Kaffee-07-188x125.jpg 188w, http:\/\/www.alteisenaufreisen.de\/wp-content\/uploads\/Vulkane-und-Kaffee-07.jpg 800w\" sizes=\"(max-width: 494px) 100vw, 494px\" \/><\/a><\/p>\n<p style=\"text-align: left;\"><a href=\"http:\/\/www.alteisenaufreisen.de\/wp-content\/uploads\/Vulkane-und-Kaffee-08.jpg\"><img decoding=\"async\" data-attachment-id=\"410\" data-permalink=\"http:\/\/www.alteisenaufreisen.de\/?attachment_id=410\" data-orig-file=\"http:\/\/www.alteisenaufreisen.de\/wp-content\/uploads\/Vulkane-und-Kaffee-08.jpg\" data-orig-size=\"800,533\" data-comments-opened=\"1\" data-image-meta=\"{&quot;aperture&quot;:&quot;7.1&quot;,&quot;credit&quot;:&quot;&quot;,&quot;camera&quot;:&quot;Canon EOS 400D DIGITAL&quot;,&quot;caption&quot;:&quot;&quot;,&quot;created_timestamp&quot;:&quot;1290360426&quot;,&quot;copyright&quot;:&quot;&quot;,&quot;focal_length&quot;:&quot;22&quot;,&quot;iso&quot;:&quot;400&quot;,&quot;shutter_speed&quot;:&quot;0.01&quot;,&quot;title&quot;:&quot;&quot;}\" data-image-title=\"Sonnenuntergang auf dem Pacaya\" data-image-description=\"\" data-image-caption=\"\" data-large-file=\"http:\/\/www.alteisenaufreisen.de\/wp-content\/uploads\/Vulkane-und-Kaffee-08-494x329.jpg\" class=\"aligncenter size-large wp-image-410\" title=\"Sonnenuntergang auf dem Pacaya\" src=\"http:\/\/www.alteisenaufreisen.de\/wp-content\/uploads\/Vulkane-und-Kaffee-08-494x329.jpg\" alt=\"\" width=\"494\" height=\"329\" srcset=\"http:\/\/www.alteisenaufreisen.de\/wp-content\/uploads\/Vulkane-und-Kaffee-08-494x329.jpg 494w, http:\/\/www.alteisenaufreisen.de\/wp-content\/uploads\/Vulkane-und-Kaffee-08-188x125.jpg 188w, http:\/\/www.alteisenaufreisen.de\/wp-content\/uploads\/Vulkane-und-Kaffee-08.jpg 800w\" sizes=\"(max-width: 494px) 100vw, 494px\" \/><\/a><\/p>\n<p>Am Sonntag Nachmittag l\u00e4dt uns Martin in sein Auto und f\u00e4hrt uns zur (Kaffee-)Finca Filadelfia. Eine Finca stellen wir uns als kleines Bauernhaus vor &#8211; nichts von alle dem, hier ist es die Premium Kaffeeplantage in der Umgebung von Antigua, wo, wie auch Kaffee-Experten sagen, einer der feinsten Kaffees w\u00e4chst.<\/p>\n<p><a href=\"http:\/\/www.alteisenaufreisen.de\/wp-content\/uploads\/Vulkane-und-Kaffee-09.jpg\"><img decoding=\"async\" data-attachment-id=\"411\" data-permalink=\"http:\/\/www.alteisenaufreisen.de\/?attachment_id=411\" data-orig-file=\"http:\/\/www.alteisenaufreisen.de\/wp-content\/uploads\/Vulkane-und-Kaffee-09.jpg\" data-orig-size=\"800,533\" data-comments-opened=\"1\" data-image-meta=\"{&quot;aperture&quot;:&quot;9&quot;,&quot;credit&quot;:&quot;&quot;,&quot;camera&quot;:&quot;Canon EOS 400D DIGITAL&quot;,&quot;caption&quot;:&quot;&quot;,&quot;created_timestamp&quot;:&quot;1290443836&quot;,&quot;copyright&quot;:&quot;&quot;,&quot;focal_length&quot;:&quot;29&quot;,&quot;iso&quot;:&quot;200&quot;,&quot;shutter_speed&quot;:&quot;0.008&quot;,&quot;title&quot;:&quot;&quot;}\" data-image-title=\"Finca Filadelfia\" data-image-description=\"\" data-image-caption=\"\" data-large-file=\"http:\/\/www.alteisenaufreisen.de\/wp-content\/uploads\/Vulkane-und-Kaffee-09-494x329.jpg\" class=\"aligncenter size-large wp-image-411\" title=\"Finca Filadelfia\" src=\"http:\/\/www.alteisenaufreisen.de\/wp-content\/uploads\/Vulkane-und-Kaffee-09-494x329.jpg\" alt=\"\" width=\"494\" height=\"329\" srcset=\"http:\/\/www.alteisenaufreisen.de\/wp-content\/uploads\/Vulkane-und-Kaffee-09-494x329.jpg 494w, http:\/\/www.alteisenaufreisen.de\/wp-content\/uploads\/Vulkane-und-Kaffee-09-188x125.jpg 188w, http:\/\/www.alteisenaufreisen.de\/wp-content\/uploads\/Vulkane-und-Kaffee-09.jpg 800w\" sizes=\"(max-width: 494px) 100vw, 494px\" \/><\/a><\/p>\n<p>Marin ist hier ortskundig und f\u00fchrt uns nat\u00fcrlich zum Trockenboden, auf dem wir die erste Ernte gerade zum trocknen ausgebreitet sehen.&nbsp; Der Kamin der R\u00f6sterei verstr\u00f6mt gerade w\u00e4hrend unserer Besichtigung den bet\u00f6renden Geruch frisch ger\u00f6steten Kaffees. Nicht einmal beim Dallmayr riecht es so gut.<\/p>\n<p><a href=\"http:\/\/www.alteisenaufreisen.de\/wp-content\/uploads\/Vulkane-und-Kaffee-10.jpg\"><img decoding=\"async\" data-attachment-id=\"412\" data-permalink=\"http:\/\/www.alteisenaufreisen.de\/?attachment_id=412\" data-orig-file=\"http:\/\/www.alteisenaufreisen.de\/wp-content\/uploads\/Vulkane-und-Kaffee-10.jpg\" data-orig-size=\"800,533\" data-comments-opened=\"1\" data-image-meta=\"{&quot;aperture&quot;:&quot;11&quot;,&quot;credit&quot;:&quot;&quot;,&quot;camera&quot;:&quot;Canon EOS 400D DIGITAL&quot;,&quot;caption&quot;:&quot;&quot;,&quot;created_timestamp&quot;:&quot;1290444058&quot;,&quot;copyright&quot;:&quot;&quot;,&quot;focal_length&quot;:&quot;19&quot;,&quot;iso&quot;:&quot;200&quot;,&quot;shutter_speed&quot;:&quot;0.004&quot;,&quot;title&quot;:&quot;&quot;}\" data-image-title=\"Kaffee beim Trocknen\" data-image-description=\"\" data-image-caption=\"\" data-large-file=\"http:\/\/www.alteisenaufreisen.de\/wp-content\/uploads\/Vulkane-und-Kaffee-10-494x329.jpg\" class=\"aligncenter size-large wp-image-412\" title=\"Kaffee beim Trocknen\" src=\"http:\/\/www.alteisenaufreisen.de\/wp-content\/uploads\/Vulkane-und-Kaffee-10-494x329.jpg\" alt=\"\" width=\"494\" height=\"329\" srcset=\"http:\/\/www.alteisenaufreisen.de\/wp-content\/uploads\/Vulkane-und-Kaffee-10-494x329.jpg 494w, http:\/\/www.alteisenaufreisen.de\/wp-content\/uploads\/Vulkane-und-Kaffee-10-188x125.jpg 188w, http:\/\/www.alteisenaufreisen.de\/wp-content\/uploads\/Vulkane-und-Kaffee-10.jpg 800w\" sizes=\"(max-width: 494px) 100vw, 494px\" \/><\/a><\/p>\n<p><a href=\"http:\/\/www.alteisenaufreisen.de\/wp-content\/uploads\/Vulkane-und-Kaffee-11.jpg\"><img decoding=\"async\" data-attachment-id=\"413\" data-permalink=\"http:\/\/www.alteisenaufreisen.de\/?attachment_id=413\" data-orig-file=\"http:\/\/www.alteisenaufreisen.de\/wp-content\/uploads\/Vulkane-und-Kaffee-11.jpg\" data-orig-size=\"800,533\" data-comments-opened=\"1\" data-image-meta=\"{&quot;aperture&quot;:&quot;5&quot;,&quot;credit&quot;:&quot;&quot;,&quot;camera&quot;:&quot;Canon EOS 400D DIGITAL&quot;,&quot;caption&quot;:&quot;&quot;,&quot;created_timestamp&quot;:&quot;1290446782&quot;,&quot;copyright&quot;:&quot;&quot;,&quot;focal_length&quot;:&quot;200&quot;,&quot;iso&quot;:&quot;200&quot;,&quot;shutter_speed&quot;:&quot;0.004&quot;,&quot;title&quot;:&quot;&quot;}\" data-image-title=\"Vulkan Agua im Abendlicht\" data-image-description=\"\" data-image-caption=\"\" data-large-file=\"http:\/\/www.alteisenaufreisen.de\/wp-content\/uploads\/Vulkane-und-Kaffee-11-494x329.jpg\" class=\"aligncenter size-large wp-image-413\" title=\"Vulkan Agua im Abendlicht\" src=\"http:\/\/www.alteisenaufreisen.de\/wp-content\/uploads\/Vulkane-und-Kaffee-11-494x329.jpg\" alt=\"\" width=\"494\" height=\"329\" srcset=\"http:\/\/www.alteisenaufreisen.de\/wp-content\/uploads\/Vulkane-und-Kaffee-11-494x329.jpg 494w, http:\/\/www.alteisenaufreisen.de\/wp-content\/uploads\/Vulkane-und-Kaffee-11-188x125.jpg 188w, http:\/\/www.alteisenaufreisen.de\/wp-content\/uploads\/Vulkane-und-Kaffee-11.jpg 800w\" sizes=\"(max-width: 494px) 100vw, 494px\" \/><\/a><\/p>\n<p>Unser n\u00e4chstes Ziel liegt bereits in Honduras und hat noch einmal mit den Mayas zu tun. Es sind die Ruinen von Cop\u00e1n, diese Geschichte wird beim n\u00e4chsten Mal erz\u00e4hlt.<\/p>\n","protected":false},"excerpt":{"rendered":"<p>Als wir die Grenze nach Guatemala \u00fcberschritten hatten, es war eine Prozedur, von der wir annehmen, dass sie sich bei jedem Grenz\u00fcbertritt in Abwandlungen wieder ereignen wird, hat uns die Nacht von unserem&nbsp; Vorhaben<\/p>\n","protected":false},"author":2,"featured_media":2978,"comment_status":"open","ping_status":"open","sticky":false,"template":"","format":"standard","meta":{"ngg_post_thumbnail":0,"_jetpack_memberships_contains_paid_content":false,"footnotes":"","jetpack_publicize_message":"","jetpack_publicize_feature_enabled":true,"jetpack_social_post_already_shared":false,"jetpack_social_options":{"image_generator_settings":{"template":"highway","default_image_id":0,"font":"","enabled":false},"version":2}},"categories":[1,3],"tags":[48],"class_list":["post-406","post","type-post","status-publish","format-standard","has-post-thumbnail","hentry","category-allgemein","category-guatemala","tag-suedamerikareise"],"jetpack_publicize_connections":[],"jetpack_featured_media_url":"http:\/\/www.alteisenaufreisen.de\/wp-content\/uploads\/Vulkane-und-Kaffee-05.jpg","jetpack_sharing_enabled":true,"_links":{"self":[{"href":"http:\/\/www.alteisenaufreisen.de\/index.php?rest_route=\/wp\/v2\/posts\/406","targetHints":{"allow":["GET"]}}],"collection":[{"href":"http:\/\/www.alteisenaufreisen.de\/index.php?rest_route=\/wp\/v2\/posts"}],"about":[{"href":"http:\/\/www.alteisenaufreisen.de\/index.php?rest_route=\/wp\/v2\/types\/post"}],"author":[{"embeddable":true,"href":"http:\/\/www.alteisenaufreisen.de\/index.php?rest_route=\/wp\/v2\/users\/2"}],"replies":[{"embeddable":true,"href":"http:\/\/www.alteisenaufreisen.de\/index.php?rest_route=%2Fwp%2Fv2%2Fcomments&post=406"}],"version-history":[{"count":12,"href":"http:\/\/www.alteisenaufreisen.de\/index.php?rest_route=\/wp\/v2\/posts\/406\/revisions"}],"predecessor-version":[{"id":3755,"href":"http:\/\/www.alteisenaufreisen.de\/index.php?rest_route=\/wp\/v2\/posts\/406\/revisions\/3755"}],"wp:featuredmedia":[{"embeddable":true,"href":"http:\/\/www.alteisenaufreisen.de\/index.php?rest_route=\/wp\/v2\/media\/2978"}],"wp:attachment":[{"href":"http:\/\/www.alteisenaufreisen.de\/index.php?rest_route=%2Fwp%2Fv2%2Fmedia&parent=406"}],"wp:term":[{"taxonomy":"category","embeddable":true,"href":"http:\/\/www.alteisenaufreisen.de\/index.php?rest_route=%2Fwp%2Fv2%2Fcategories&post=406"},{"taxonomy":"post_tag","embeddable":true,"href":"http:\/\/www.alteisenaufreisen.de\/index.php?rest_route=%2Fwp%2Fv2%2Ftags&post=406"}],"curies":[{"name":"wp","href":"https:\/\/api.w.org\/{rel}","templated":true}]}}