{"id":47,"date":"2010-09-15T21:11:46","date_gmt":"2010-09-15T19:11:46","guid":{"rendered":"http:\/\/www.alteisenaufreisen.de\/?p=47"},"modified":"2017-07-25T23:06:35","modified_gmt":"2017-07-25T21:06:35","slug":"vorbereitung-furs-moped","status":"publish","type":"post","link":"http:\/\/www.alteisenaufreisen.de\/?p=47","title":{"rendered":"Vorbereitung f\u00fcr&#8217;s Moped"},"content":{"rendered":"<p>Wir sind uns bewu\u00dft, dass wir in einer Welt unterwegs sind in der Motorr\u00e4der wie unsere nicht zum Alltag geh\u00f6ren. Daher soll unser Auftreten &#8218;low profile&#8216; sein,<!--more--> die Motorr\u00e4der sollten nicht zu begehrenswert aussehen.<\/p>\n<p>Das passiert am Besten mit schwarzen Bikes und besonders gewaschen m\u00fcssen sie auch nicht sein. Meine sch\u00f6ne Rote musste daher zu &#8218;Perla Negra &#8218; werden.<\/p>\n<p><a href=\"..\/wp-content\/uploads\/Die_Rote.jpg\"><img decoding=\"async\" data-attachment-id=\"48\" data-permalink=\"http:\/\/www.alteisenaufreisen.de\/?attachment_id=48\" data-orig-file=\"http:\/\/www.alteisenaufreisen.de\/wp-content\/uploads\/Die_Rote.jpg\" data-orig-size=\"819,614\" data-comments-opened=\"1\" data-image-meta=\"{&quot;aperture&quot;:&quot;0&quot;,&quot;credit&quot;:&quot;&quot;,&quot;camera&quot;:&quot;&quot;,&quot;caption&quot;:&quot;&quot;,&quot;created_timestamp&quot;:&quot;0&quot;,&quot;copyright&quot;:&quot;&quot;,&quot;focal_length&quot;:&quot;0&quot;,&quot;iso&quot;:&quot;0&quot;,&quot;shutter_speed&quot;:&quot;0&quot;,&quot;title&quot;:&quot;&quot;}\" data-image-title=\"Die_Rote\" data-image-description=\"\" data-image-caption=\"\" data-large-file=\"http:\/\/www.alteisenaufreisen.de\/wp-content\/uploads\/Die_Rote-494x370.jpg\" class=\"size-large wp-image-48 alignleft\" title=\"Die_Rote\" src=\"..\/wp-content\/uploads\/Die_Rote-494x370.jpg\" alt=\"\" width=\"373\" height=\"279\" srcset=\"http:\/\/www.alteisenaufreisen.de\/wp-content\/uploads\/Die_Rote-494x370.jpg 494w, http:\/\/www.alteisenaufreisen.de\/wp-content\/uploads\/Die_Rote-188x140.jpg 188w, http:\/\/www.alteisenaufreisen.de\/wp-content\/uploads\/Die_Rote-800x600.jpg 800w, http:\/\/www.alteisenaufreisen.de\/wp-content\/uploads\/Die_Rote.jpg 819w\" sizes=\"(max-width: 373px) 100vw, 373px\" \/><\/a><a href=\"..\/wp-content\/uploads\/Perla_Negra1.jpg\"><img decoding=\"async\" data-attachment-id=\"51\" data-permalink=\"http:\/\/www.alteisenaufreisen.de\/?attachment_id=51\" data-orig-file=\"http:\/\/www.alteisenaufreisen.de\/wp-content\/uploads\/Perla_Negra1.jpg\" data-orig-size=\"819,614\" data-comments-opened=\"1\" data-image-meta=\"{&quot;aperture&quot;:&quot;0&quot;,&quot;credit&quot;:&quot;&quot;,&quot;camera&quot;:&quot;&quot;,&quot;caption&quot;:&quot;&quot;,&quot;created_timestamp&quot;:&quot;0&quot;,&quot;copyright&quot;:&quot;&quot;,&quot;focal_length&quot;:&quot;0&quot;,&quot;iso&quot;:&quot;0&quot;,&quot;shutter_speed&quot;:&quot;0&quot;,&quot;title&quot;:&quot;&quot;}\" data-image-title=\"Perla_Negra\" data-image-description=\"\" data-image-caption=\"\" data-large-file=\"http:\/\/www.alteisenaufreisen.de\/wp-content\/uploads\/Perla_Negra1-494x370.jpg\" class=\"alignright size-large wp-image-51\" title=\"Perla_Negra\" src=\"..\/wp-content\/uploads\/Perla_Negra1-494x370.jpg\" alt=\"\" width=\"450\" height=\"337\" srcset=\"http:\/\/www.alteisenaufreisen.de\/wp-content\/uploads\/Perla_Negra1-494x370.jpg 494w, http:\/\/www.alteisenaufreisen.de\/wp-content\/uploads\/Perla_Negra1-188x140.jpg 188w, http:\/\/www.alteisenaufreisen.de\/wp-content\/uploads\/Perla_Negra1-800x600.jpg 800w, http:\/\/www.alteisenaufreisen.de\/wp-content\/uploads\/Perla_Negra1.jpg 819w\" sizes=\"(max-width: 450px) 100vw, 450px\" \/><\/a><\/p>\n","protected":false},"excerpt":{"rendered":"<p>Wir sind uns bewu\u00dft, dass wir in einer Welt unterwegs sind in der Motorr\u00e4der wie unsere nicht zum Alltag geh\u00f6ren. Daher soll unser Auftreten &#8218;low profile&#8216; sein,<\/p>\n","protected":false},"author":2,"featured_media":51,"comment_status":"open","ping_status":"open","sticky":false,"template":"","format":"standard","meta":{"ngg_post_thumbnail":0,"_jetpack_memberships_contains_paid_content":false,"footnotes":"","jetpack_publicize_message":"","jetpack_publicize_feature_enabled":true,"jetpack_social_post_already_shared":false,"jetpack_social_options":{"image_generator_settings":{"template":"highway","default_image_id":0,"font":"","enabled":false},"version":2}},"categories":[1],"tags":[48],"class_list":["post-47","post","type-post","status-publish","format-standard","has-post-thumbnail","hentry","category-allgemein","tag-suedamerikareise"],"jetpack_publicize_connections":[],"jetpack_featured_media_url":"http:\/\/www.alteisenaufreisen.de\/wp-content\/uploads\/Perla_Negra1.jpg","jetpack_sharing_enabled":true,"_links":{"self":[{"href":"http:\/\/www.alteisenaufreisen.de\/index.php?rest_route=\/wp\/v2\/posts\/47","targetHints":{"allow":["GET"]}}],"collection":[{"href":"http:\/\/www.alteisenaufreisen.de\/index.php?rest_route=\/wp\/v2\/posts"}],"about":[{"href":"http:\/\/www.alteisenaufreisen.de\/index.php?rest_route=\/wp\/v2\/types\/post"}],"author":[{"embeddable":true,"href":"http:\/\/www.alteisenaufreisen.de\/index.php?rest_route=\/wp\/v2\/users\/2"}],"replies":[{"embeddable":true,"href":"http:\/\/www.alteisenaufreisen.de\/index.php?rest_route=%2Fwp%2Fv2%2Fcomments&post=47"}],"version-history":[{"count":6,"href":"http:\/\/www.alteisenaufreisen.de\/index.php?rest_route=\/wp\/v2\/posts\/47\/revisions"}],"predecessor-version":[{"id":3765,"href":"http:\/\/www.alteisenaufreisen.de\/index.php?rest_route=\/wp\/v2\/posts\/47\/revisions\/3765"}],"wp:featuredmedia":[{"embeddable":true,"href":"http:\/\/www.alteisenaufreisen.de\/index.php?rest_route=\/wp\/v2\/media\/51"}],"wp:attachment":[{"href":"http:\/\/www.alteisenaufreisen.de\/index.php?rest_route=%2Fwp%2Fv2%2Fmedia&parent=47"}],"wp:term":[{"taxonomy":"category","embeddable":true,"href":"http:\/\/www.alteisenaufreisen.de\/index.php?rest_route=%2Fwp%2Fv2%2Fcategories&post=47"},{"taxonomy":"post_tag","embeddable":true,"href":"http:\/\/www.alteisenaufreisen.de\/index.php?rest_route=%2Fwp%2Fv2%2Ftags&post=47"}],"curies":[{"name":"wp","href":"https:\/\/api.w.org\/{rel}","templated":true}]}}